{"id":9920,"date":"2023-05-01T10:14:32","date_gmt":"2023-05-01T13:14:32","guid":{"rendered":"https:\/\/www.rosarioalerta.com.ar\/site\/?p=9920"},"modified":"2023-05-01T10:14:33","modified_gmt":"2023-05-01T13:14:33","slug":"nuevamente-se-registraron-heridos","status":"publish","type":"post","link":"https:\/\/www.rosarioalerta.com.ar\/site\/archivos\/9920","title":{"rendered":"Nuevamente se registraron heridos"},"content":{"rendered":"\n<p><\/p>\n\n\n\n<p>Una noche que dej\u00f3 tambi\u00e9n algunos hechos de abuso de armas contra propiedades particulares<\/p>\n\n\n\n<p>Una balacera tuvo lugar anoche en la zona oeste, fue en inmediaciones de <strong>Chubut y Chaparro<\/strong> cerca de la <strong>Sub Comisar\u00eda 22\u00ba<\/strong>, donde se registr\u00f3 un herido de bala. La v\u00edctima fue identificada como; <strong>Ariel P de 20 a\u00f1os<\/strong>, quien estaba en la puerta de su casa al momento de ser abordado por sicarios que se desplazaban en un auto. Fue asistido por el <strong>SIES<\/strong> y trasladado al <strong>Hospital de Emergencias Clemente \u00c1lvarez (HECA)<\/strong> con una herida por roce en extremidad inferior, recuperando el alta m\u00e9dica a las pocas horas. De la escena secuestraron m\u00e1s de una docena de vainas servidas y no hubo detenidos<\/p>\n\n\n\n<p>Cerca del mediod\u00eda en <strong>Giraldo y Casiano Casas<\/strong>, un hombre de 30 a\u00f1os, tambi\u00e9n fue asistido por el <strong>SIES<\/strong>, luego que discutiera con un vecino por la invasi\u00f3n de la medianera. Tras una acalorada charla, llega un amigo de este con un arma y le efect\u00faa varios disparos, hiri\u00e9ndolo en brazo, muslo y gl\u00fateo. Fue trasladado al <strong>Hospital Eva Per\u00f3n<\/strong> donde se recupera<\/p>\n\n\n\n<p>Otro caso, tuvo lugar en inmediaciones de <strong>Mu\u00f1oz y Salvat<\/strong> en la zona sur de Rosario, donde una joven de 22 a\u00f1os, fue abordada por delincuentes que le sustraen sus pertenencias. Como prest\u00f3 resistencia, le efectuaron un disparo hiri\u00e9ndola en la cadera y tuvo que ser trasladada por el <strong>SIES<\/strong> hasta el <strong>Hospital Roque S\u00e1ez Pe\u00f1a<\/strong>. Las actuaciones recayeron en la <strong>Comisar\u00eda 15\u00ba<\/strong><\/p>\n\n\n\n<p>Finalmente, dos casos de abusos de armas contra propiedades particulares fueron denunciados, uno en <strong>Campbell al 2400<\/strong>, en Rosario, de donde secuestraron vainas servidas. Y el otro en la localidad de <strong>General Lagos<\/strong>, en <strong>Maistegui al 400<\/strong>, de donde tambi\u00e9n decomisaron vainas servidas y contabilizaron da\u00f1os materiales en mamposter\u00edas y aberturas<\/p>\n<div class=\"newspaper-x-tags\"><strong>TAGS: <\/strong><span><a href=\"https:\/\/www.rosarioalerta.com.ar\/site\/archivos\/tag\/balaceras\" rel=\"tag\">Balaceras<\/a><\/span><a href=\"https:\/\/www.rosarioalerta.com.ar\/site\/archivos\/tag\/inseguridad\" rel=\"tag\">inseguridad<\/a><\/span><a href=\"https:\/\/www.rosarioalerta.com.ar\/site\/archivos\/tag\/noticias-de-rosario\" rel=\"tag\">Noticias de Rosario<\/a><\/span><a href=\"https:\/\/www.rosarioalerta.com.ar\/site\/archivos\/tag\/perotti\" rel=\"tag\">Perotti<\/a><\/span><a href=\"https:\/\/www.rosarioalerta.com.ar\/site\/archivos\/tag\/rosario\" rel=\"tag\">Rosario<\/a><\/span><a href=\"https:\/\/www.rosarioalerta.com.ar\/site\/archivos\/tag\/santa-fe\" rel=\"tag\">Santa Fe<\/a> <\/div>","protected":false},"excerpt":{"rendered":"<p>Una noche que dej\u00f3 tambi\u00e9n algunos hechos de abuso de armas contra propiedades particulares Una balacera tuvo lugar anoche en la zona oeste, fue en inmediaciones de Chubut y Chaparro cerca de la Sub Comisar\u00eda 22\u00ba, donde se registr\u00f3 un herido de bala. La v\u00edctima fue identificada como; Ariel P de 20 a\u00f1os, quien estaba [&hellip;]<\/p>\n","protected":false},"author":2,"featured_media":5251,"comment_status":"open","ping_status":"open","sticky":false,"template":"","format":"standard","meta":{"_joinchat":[],"footnotes":""},"categories":[15,17,66,21,14],"tags":[68,54,95,24,55,65],"class_list":["post-9920","post","type-post","status-publish","format-standard","has-post-thumbnail","hentry","category-balaceras","category-heridos","category-inseguridad","category-noticias","category-policiales","tag-balaceras","tag-inseguridad","tag-noticias-de-rosario","tag-perotti","tag-rosario","tag-santa-fe"],"_links":{"self":[{"href":"https:\/\/www.rosarioalerta.com.ar\/site\/wp-json\/wp\/v2\/posts\/9920","targetHints":{"allow":["GET"]}}],"collection":[{"href":"https:\/\/www.rosarioalerta.com.ar\/site\/wp-json\/wp\/v2\/posts"}],"about":[{"href":"https:\/\/www.rosarioalerta.com.ar\/site\/wp-json\/wp\/v2\/types\/post"}],"author":[{"embeddable":true,"href":"https:\/\/www.rosarioalerta.com.ar\/site\/wp-json\/wp\/v2\/users\/2"}],"replies":[{"embeddable":true,"href":"https:\/\/www.rosarioalerta.com.ar\/site\/wp-json\/wp\/v2\/comments?post=9920"}],"version-history":[{"count":1,"href":"https:\/\/www.rosarioalerta.com.ar\/site\/wp-json\/wp\/v2\/posts\/9920\/revisions"}],"predecessor-version":[{"id":9921,"href":"https:\/\/www.rosarioalerta.com.ar\/site\/wp-json\/wp\/v2\/posts\/9920\/revisions\/9921"}],"wp:featuredmedia":[{"embeddable":true,"href":"https:\/\/www.rosarioalerta.com.ar\/site\/wp-json\/wp\/v2\/media\/5251"}],"wp:attachment":[{"href":"https:\/\/www.rosarioalerta.com.ar\/site\/wp-json\/wp\/v2\/media?parent=9920"}],"wp:term":[{"taxonomy":"category","embeddable":true,"href":"https:\/\/www.rosarioalerta.com.ar\/site\/wp-json\/wp\/v2\/categories?post=9920"},{"taxonomy":"post_tag","embeddable":true,"href":"https:\/\/www.rosarioalerta.com.ar\/site\/wp-json\/wp\/v2\/tags?post=9920"}],"curies":[{"name":"wp","href":"https:\/\/api.w.org\/{rel}","templated":true}]}}