{"id":9912,"date":"2023-05-01T09:33:58","date_gmt":"2023-05-01T12:33:58","guid":{"rendered":"https:\/\/www.rosarioalerta.com.ar\/site\/?p=9912"},"modified":"2023-05-01T09:34:00","modified_gmt":"2023-05-01T12:34:00","slug":"un-hombre-fue-atropellado-en-circunvalacion","status":"publish","type":"post","link":"https:\/\/www.rosarioalerta.com.ar\/site\/archivos\/9912","title":{"rendered":"Un hombre fue atropellado en Circunvalaci\u00f3n"},"content":{"rendered":"\n<p><\/p>\n\n\n\n<p>Ocurri\u00f3 cerca de las 20 de este domingo y perdi\u00f3 la vida<\/p>\n\n\n\n<p>El siniestro vial fatal, ocurri\u00f3 sobre <strong>Av de Circunvalaci\u00f3n ente Pellegrini y Mendoza<\/strong>, mano al norte (RN A008 kil\u00f3metro 12), donde el conductor de un \u00d3mnibus de pasajeros de turismo colisiona con un transe\u00fante que corr\u00eda por la traza (cabe recordar que est\u00e1 prohibido circular a pie, en bicicleta o motocicletas con motores menores a 50cc)<\/p>\n\n\n\n<p>Personal del <strong>SIES<\/strong> se hizo presente en el lugar, asistiendo a <strong>Leonardo P\u00e9rez de 41 a\u00f1os, <\/strong>quien culmin\u00f3 falleciendo, a causa del impacto<\/p>\n\n\n\n<p>Las actuaciones recayeron en la <strong>Sub Comisar\u00eda 22\u00ba<\/strong> por razones de jurisdicci\u00f3n y act\u00faa la <strong>Dra Mariana Prunotto de la Unidad de Homicidios Culposos<\/strong><\/p>\n\n\n\n<figure class=\"wp-block-embed is-type-video is-provider-youtube wp-block-embed-youtube wp-embed-aspect-4-3 wp-has-aspect-ratio\"><div class=\"wp-block-embed__wrapper\">\n<div class=\"newspaper-x-video-container\"><iframe loading=\"lazy\" title=\"Un hombre fue atropellado en Circunvalaci\u00f3n\" width=\"750\" height=\"422\" src=\"https:\/\/www.youtube.com\/embed\/71O75Vmp2ZY?feature=oembed\" frameborder=\"0\" allow=\"accelerometer; autoplay; clipboard-write; encrypted-media; gyroscope; picture-in-picture; web-share\" referrerpolicy=\"strict-origin-when-cross-origin\" allowfullscreen><\/iframe><\/div>\n<\/div><\/figure>\n<div class=\"newspaper-x-tags\"><strong>TAGS: <\/strong><span><a href=\"https:\/\/www.rosarioalerta.com.ar\/site\/archivos\/tag\/noticias-de-rosario\" rel=\"tag\">Noticias de Rosario<\/a><\/span><a href=\"https:\/\/www.rosarioalerta.com.ar\/site\/archivos\/tag\/rosario\" rel=\"tag\">Rosario<\/a><\/span><a href=\"https:\/\/www.rosarioalerta.com.ar\/site\/archivos\/tag\/santa-fe\" rel=\"tag\">Santa Fe<\/a> <\/div>","protected":false},"excerpt":{"rendered":"<p>Ocurri\u00f3 cerca de las 20 de este domingo y perdi\u00f3 la vida El siniestro vial fatal, ocurri\u00f3 sobre Av de Circunvalaci\u00f3n ente Pellegrini y Mendoza, mano al norte (RN A008 kil\u00f3metro 12), donde el conductor de un \u00d3mnibus de pasajeros de turismo colisiona con un transe\u00fante que corr\u00eda por la traza (cabe recordar que est\u00e1 [&hellip;]<\/p>\n","protected":false},"author":2,"featured_media":9913,"comment_status":"open","ping_status":"open","sticky":false,"template":"","format":"standard","meta":{"_joinchat":[],"footnotes":""},"categories":[21,14,10],"tags":[95,55,65],"class_list":["post-9912","post","type-post","status-publish","format-standard","has-post-thumbnail","hentry","category-noticias","category-policiales","category-siniestros-viales","tag-noticias-de-rosario","tag-rosario","tag-santa-fe"],"_links":{"self":[{"href":"https:\/\/www.rosarioalerta.com.ar\/site\/wp-json\/wp\/v2\/posts\/9912","targetHints":{"allow":["GET"]}}],"collection":[{"href":"https:\/\/www.rosarioalerta.com.ar\/site\/wp-json\/wp\/v2\/posts"}],"about":[{"href":"https:\/\/www.rosarioalerta.com.ar\/site\/wp-json\/wp\/v2\/types\/post"}],"author":[{"embeddable":true,"href":"https:\/\/www.rosarioalerta.com.ar\/site\/wp-json\/wp\/v2\/users\/2"}],"replies":[{"embeddable":true,"href":"https:\/\/www.rosarioalerta.com.ar\/site\/wp-json\/wp\/v2\/comments?post=9912"}],"version-history":[{"count":1,"href":"https:\/\/www.rosarioalerta.com.ar\/site\/wp-json\/wp\/v2\/posts\/9912\/revisions"}],"predecessor-version":[{"id":9914,"href":"https:\/\/www.rosarioalerta.com.ar\/site\/wp-json\/wp\/v2\/posts\/9912\/revisions\/9914"}],"wp:featuredmedia":[{"embeddable":true,"href":"https:\/\/www.rosarioalerta.com.ar\/site\/wp-json\/wp\/v2\/media\/9913"}],"wp:attachment":[{"href":"https:\/\/www.rosarioalerta.com.ar\/site\/wp-json\/wp\/v2\/media?parent=9912"}],"wp:term":[{"taxonomy":"category","embeddable":true,"href":"https:\/\/www.rosarioalerta.com.ar\/site\/wp-json\/wp\/v2\/categories?post=9912"},{"taxonomy":"post_tag","embeddable":true,"href":"https:\/\/www.rosarioalerta.com.ar\/site\/wp-json\/wp\/v2\/tags?post=9912"}],"curies":[{"name":"wp","href":"https:\/\/api.w.org\/{rel}","templated":true}]}}