{"id":9797,"date":"2023-04-19T23:42:56","date_gmt":"2023-04-20T02:42:56","guid":{"rendered":"https:\/\/www.rosarioalerta.com.ar\/site\/?p=9797"},"modified":"2023-04-20T00:05:53","modified_gmt":"2023-04-20T03:05:53","slug":"al-menos-tres-heridos-en-una-hora","status":"publish","type":"post","link":"https:\/\/www.rosarioalerta.com.ar\/site\/archivos\/9797","title":{"rendered":"Al menos tres heridos en una hora"},"content":{"rendered":"\n<p><\/p>\n\n\n\n<p>Uno de ellos se resisti\u00f3 al robo de un celular, otro es un menor y el restante se encuentra en grave estado<\/p>\n\n\n\n<p>Pasadas las 18 de este mi\u00e9rcoles, un joven de 25 a\u00f1os, circulaba en su moto por inmediaciones de <strong>Moreno y Garibaldi<\/strong>, cuando fue sorprendido por delincuentes armados que intentaron asaltarlo, se resisti\u00f3 al robo y le efectuaron un disparo en extremidades. Fue asistido por el <strong>SIES<\/strong> y trasladado al <strong>Hospital de Emergencias Clemente \u00c1lvarez (HECA) <\/strong>donde recibi\u00f3 curaciones por la herida que presentaba en la pierna izquierda<\/p>\n\n\n\n<p>Las actuaciones recayeron en la <strong>Comisar\u00eda 15\u00ba<\/strong><\/p>\n\n\n\n<p>\u2026<strong>momentos m\u00e1s tarde<\/strong>\u2026 al <strong>Hospital V\u00edctor J Vilela<\/strong>, ingresa un menor de 12 a\u00f1os, quien habr\u00eda sido v\u00edctima de una balacera desatada en cercan\u00edas del <strong>Pje 2144 al 6800<\/strong>, en <strong>Barrio T\u00edo Rolo<\/strong>. Seg\u00fan las primeras informaciones, sujetos que se desplazaban en una moto, gatillaron contra varias personas, resultando herido, en extremidades inferiores, <strong>Alejandro de tan solo 12 a\u00f1os<\/strong>. De la escena secuestraron vainas servidas y no hubo detenidos<\/p>\n\n\n\n<p>Finalmente, en la zona oeste, por motivos que a\u00fan se desconocen, <strong>Gustavo de 18 a\u00f1os, <\/strong>recibe varios impactos de bala. La v\u00edctima se encontraba en inmediaciones de <strong>Calle 1756 al 2100<\/strong>, en jurisdicci\u00f3n de la <strong>Comisar\u00eda 32\u00ba<\/strong> cuando fue atacado a balazos. Lo trasladaron vecinos hasta el <strong>Policl\u00ednico San Mart\u00edn<\/strong>, con m\u00faltiples heridas de bala, siendo trasladado por el <strong>SIES<\/strong> y apoyo policial, hasta el <strong>HECA<\/strong>. La v\u00edctima ingres\u00f3 a quir\u00f3fano, con al menos siete orificios de bala repartidos en; t\u00f3rax y extremidades, siendo su estado de salud, cr\u00edtico<\/p>\n\n\n\n<p>Los peritos llegaron hasta el lugar de los hechos, pero no lograron encontrar rastros bal\u00edsticos<\/p>\n<div class=\"newspaper-x-tags\"><strong>TAGS: <\/strong><span><a href=\"https:\/\/www.rosarioalerta.com.ar\/site\/archivos\/tag\/balaceras\" rel=\"tag\">Balaceras<\/a><\/span><a href=\"https:\/\/www.rosarioalerta.com.ar\/site\/archivos\/tag\/inseguridad\" rel=\"tag\">inseguridad<\/a><\/span><a href=\"https:\/\/www.rosarioalerta.com.ar\/site\/archivos\/tag\/noticias-de-rosario\" rel=\"tag\">Noticias de Rosario<\/a><\/span><a href=\"https:\/\/www.rosarioalerta.com.ar\/site\/archivos\/tag\/perotti\" rel=\"tag\">Perotti<\/a><\/span><a href=\"https:\/\/www.rosarioalerta.com.ar\/site\/archivos\/tag\/rosario\" rel=\"tag\">Rosario<\/a><\/span><a href=\"https:\/\/www.rosarioalerta.com.ar\/site\/archivos\/tag\/santa-fe\" rel=\"tag\">Santa Fe<\/a> <\/div>","protected":false},"excerpt":{"rendered":"<p>Uno de ellos se resisti\u00f3 al robo de un celular, otro es un menor y el restante se encuentra en grave estado Pasadas las 18 de este mi\u00e9rcoles, un joven de 25 a\u00f1os, circulaba en su moto por inmediaciones de Moreno y Garibaldi, cuando fue sorprendido por delincuentes armados que intentaron asaltarlo, se resisti\u00f3 al [&hellip;]<\/p>\n","protected":false},"author":2,"featured_media":4315,"comment_status":"open","ping_status":"open","sticky":false,"template":"","format":"standard","meta":{"_joinchat":[],"footnotes":""},"categories":[15,17,66,21,14,2],"tags":[68,54,95,24,55,65],"class_list":["post-9797","post","type-post","status-publish","format-standard","has-post-thumbnail","hentry","category-balaceras","category-heridos","category-inseguridad","category-noticias","category-policiales","category-robos","tag-balaceras","tag-inseguridad","tag-noticias-de-rosario","tag-perotti","tag-rosario","tag-santa-fe"],"_links":{"self":[{"href":"https:\/\/www.rosarioalerta.com.ar\/site\/wp-json\/wp\/v2\/posts\/9797","targetHints":{"allow":["GET"]}}],"collection":[{"href":"https:\/\/www.rosarioalerta.com.ar\/site\/wp-json\/wp\/v2\/posts"}],"about":[{"href":"https:\/\/www.rosarioalerta.com.ar\/site\/wp-json\/wp\/v2\/types\/post"}],"author":[{"embeddable":true,"href":"https:\/\/www.rosarioalerta.com.ar\/site\/wp-json\/wp\/v2\/users\/2"}],"replies":[{"embeddable":true,"href":"https:\/\/www.rosarioalerta.com.ar\/site\/wp-json\/wp\/v2\/comments?post=9797"}],"version-history":[{"count":2,"href":"https:\/\/www.rosarioalerta.com.ar\/site\/wp-json\/wp\/v2\/posts\/9797\/revisions"}],"predecessor-version":[{"id":9799,"href":"https:\/\/www.rosarioalerta.com.ar\/site\/wp-json\/wp\/v2\/posts\/9797\/revisions\/9799"}],"wp:featuredmedia":[{"embeddable":true,"href":"https:\/\/www.rosarioalerta.com.ar\/site\/wp-json\/wp\/v2\/media\/4315"}],"wp:attachment":[{"href":"https:\/\/www.rosarioalerta.com.ar\/site\/wp-json\/wp\/v2\/media?parent=9797"}],"wp:term":[{"taxonomy":"category","embeddable":true,"href":"https:\/\/www.rosarioalerta.com.ar\/site\/wp-json\/wp\/v2\/categories?post=9797"},{"taxonomy":"post_tag","embeddable":true,"href":"https:\/\/www.rosarioalerta.com.ar\/site\/wp-json\/wp\/v2\/tags?post=9797"}],"curies":[{"name":"wp","href":"https:\/\/api.w.org\/{rel}","templated":true}]}}