{"id":926,"date":"2021-08-22T09:32:58","date_gmt":"2021-08-22T12:32:58","guid":{"rendered":"https:\/\/www.rosarioalerta.com.ar\/site\/?p=926"},"modified":"2021-08-22T09:33:00","modified_gmt":"2021-08-22T12:33:00","slug":"falta-siniestro-vial","status":"publish","type":"post","link":"https:\/\/www.rosarioalerta.com.ar\/site\/archivos\/926","title":{"rendered":"Falta siniestro vial"},"content":{"rendered":"\n<p><\/p>\n\n\n\n<p>Fue en las primeras horas de este domingo<\/p>\n\n\n\n<p>El hecho se registra en <strong>Eva Per\u00f3n y Provincias Unidas<\/strong>, donde al menos seis personas a bordo de un Citro\u00ebn C3 se desplazaban a gran velocidad y colisionan contra un colectivo de larga distancia.<\/p>\n\n\n\n<p>Fuentes policiales informaron que dos de los ocupantes del rodado menor resultaron \u00f3bitos, mientras que los restantes fueron trasladados a un centro de salud por el <strong>SIES<\/strong>. Mientras que en el micro, solo dos personas mayores resultaron con heridas cortantes producto del impacto. El tr\u00e1nsito estuvo cortado, intervino la GUM, SIES, Bomberos y otras \u00e1reas dado que el rodado menor termina impactando contra los pilotes de cemento de la estaci\u00f3n de servicio y el kiosco de diarios, que fue destruido<\/p>\n\n\n\n<figure class=\"wp-block-embed is-type-video is-provider-youtube wp-block-embed-youtube wp-embed-aspect-16-9 wp-has-aspect-ratio\"><div class=\"wp-block-embed__wrapper\">\n<div class=\"newspaper-x-video-container\"><iframe loading=\"lazy\" title=\"Fatal siniestro vial en zona oeste\" width=\"750\" height=\"422\" src=\"https:\/\/www.youtube.com\/embed\/zcFBjbqfDaQ?feature=oembed\" frameborder=\"0\" allow=\"accelerometer; autoplay; clipboard-write; encrypted-media; gyroscope; picture-in-picture; web-share\" referrerpolicy=\"strict-origin-when-cross-origin\" allowfullscreen><\/iframe><\/div>\n<\/div><\/figure>\n<div class=\"newspaper-x-tags\"><strong>TAGS: <\/strong><span><a href=\"https:\/\/www.rosarioalerta.com.ar\/site\/archivos\/tag\/inseguridad\" rel=\"tag\">inseguridad<\/a><\/span><a href=\"https:\/\/www.rosarioalerta.com.ar\/site\/archivos\/tag\/rosario\" rel=\"tag\">Rosario<\/a> <\/div>","protected":false},"excerpt":{"rendered":"<p>Fue en las primeras horas de este domingo El hecho se registra en Eva Per\u00f3n y Provincias Unidas, donde al menos seis personas a bordo de un Citro\u00ebn C3 se desplazaban a gran velocidad y colisionan contra un colectivo de larga distancia. Fuentes policiales informaron que dos de los ocupantes del rodado menor resultaron \u00f3bitos, [&hellip;]<\/p>\n","protected":false},"author":1,"featured_media":927,"comment_status":"closed","ping_status":"open","sticky":false,"template":"","format":"standard","meta":{"_joinchat":[],"footnotes":""},"categories":[21,10],"tags":[54,55],"class_list":["post-926","post","type-post","status-publish","format-standard","has-post-thumbnail","hentry","category-noticias","category-siniestros-viales","tag-inseguridad","tag-rosario"],"_links":{"self":[{"href":"https:\/\/www.rosarioalerta.com.ar\/site\/wp-json\/wp\/v2\/posts\/926","targetHints":{"allow":["GET"]}}],"collection":[{"href":"https:\/\/www.rosarioalerta.com.ar\/site\/wp-json\/wp\/v2\/posts"}],"about":[{"href":"https:\/\/www.rosarioalerta.com.ar\/site\/wp-json\/wp\/v2\/types\/post"}],"author":[{"embeddable":true,"href":"https:\/\/www.rosarioalerta.com.ar\/site\/wp-json\/wp\/v2\/users\/1"}],"replies":[{"embeddable":true,"href":"https:\/\/www.rosarioalerta.com.ar\/site\/wp-json\/wp\/v2\/comments?post=926"}],"version-history":[{"count":1,"href":"https:\/\/www.rosarioalerta.com.ar\/site\/wp-json\/wp\/v2\/posts\/926\/revisions"}],"predecessor-version":[{"id":928,"href":"https:\/\/www.rosarioalerta.com.ar\/site\/wp-json\/wp\/v2\/posts\/926\/revisions\/928"}],"wp:featuredmedia":[{"embeddable":true,"href":"https:\/\/www.rosarioalerta.com.ar\/site\/wp-json\/wp\/v2\/media\/927"}],"wp:attachment":[{"href":"https:\/\/www.rosarioalerta.com.ar\/site\/wp-json\/wp\/v2\/media?parent=926"}],"wp:term":[{"taxonomy":"category","embeddable":true,"href":"https:\/\/www.rosarioalerta.com.ar\/site\/wp-json\/wp\/v2\/categories?post=926"},{"taxonomy":"post_tag","embeddable":true,"href":"https:\/\/www.rosarioalerta.com.ar\/site\/wp-json\/wp\/v2\/tags?post=926"}],"curies":[{"name":"wp","href":"https:\/\/api.w.org\/{rel}","templated":true}]}}