{"id":9205,"date":"2023-02-27T18:00:40","date_gmt":"2023-02-27T21:00:40","guid":{"rendered":"https:\/\/www.rosarioalerta.com.ar\/site\/?p=9205"},"modified":"2023-02-27T18:00:44","modified_gmt":"2023-02-27T21:00:44","slug":"piden-donantes-de-sangre-para-un-hombre-atropellado-por-un-colectivo","status":"publish","type":"post","link":"https:\/\/www.rosarioalerta.com.ar\/site\/archivos\/9205","title":{"rendered":"Piden donantes de sangre para un hombre atropellado por un colectivo"},"content":{"rendered":"\n<p><\/p>\n\n\n\n<p>Est\u00e1 en grave estado internado hace unos d\u00edas, seg\u00fan trascendi\u00f3 el chofer arranc\u00f3 sin esperar que este suba por completo<\/p>\n\n\n\n<p>Este domingo por la tarde en inmediaciones de <strong>Battle y Ordo\u00f1ez y Melian<\/strong>, el <strong>interno 4257 de la l\u00ednea 138<\/strong> se ocupaba con dos mujeres, luego arranca la marcha, pero es advertido por varios pasajeros, que en el estribo qued\u00f3 un hombre al que iba a arrastrando por el pavimento. Seg\u00fan fuentes vecinales, este hab\u00eda apoyado un pie en el escal\u00f3n, cuando arranc\u00f3 el chofer y queda enganchado en el pasamanos. <strong>Alberto Fabi\u00e1n Noguera<\/strong> tuvo que ser asistido por el <strong>SIES<\/strong> y lo trasladaron al <strong>Hospital de Emergencias Clemente \u00c1lvarez (HECA) <\/strong>donde presentaba m\u00faltiples lesiones, producto de los golpes que le produjo la ca\u00edda del \u00f3mnibus. Familiares y amigos solicitan a quien pueda acercarse a donar sangre <strong>Grupo Cero Factor RH Positivo<\/strong> para las diversas intervenciones, a las que est\u00e1 siendo sometido, mientas lucha por su vida<\/p>\n\n\n\n<p>Cabe resaltar que en el caso intervino la <strong>Dra Haurigot<\/strong> quien orden\u00f3 la demora del conductor y los ex\u00e1menes de; alcoholuria, alcoholemia y toxicolog\u00eda, para luego quedar en libertad por el art 218 de la CPP, sin formaci\u00f3n de causa por el momento, dado que algunos testigos del siniestro, manifestaron que Noguera intent\u00f3 subir por la puerta del medio del colectivo y no por la delantera, aunque es todo materia de investigaci\u00f3n<\/p>\n<div class=\"newspaper-x-tags\"><strong>TAGS: <\/strong><span><a href=\"https:\/\/www.rosarioalerta.com.ar\/site\/archivos\/tag\/noticias-de-rosario\" rel=\"tag\">Noticias de Rosario<\/a><\/span><a href=\"https:\/\/www.rosarioalerta.com.ar\/site\/archivos\/tag\/rosario\" rel=\"tag\">Rosario<\/a><\/span><a href=\"https:\/\/www.rosarioalerta.com.ar\/site\/archivos\/tag\/santa-fe\" rel=\"tag\">Santa Fe<\/a> <\/div>","protected":false},"excerpt":{"rendered":"<p>Est\u00e1 en grave estado internado hace unos d\u00edas, seg\u00fan trascendi\u00f3 el chofer arranc\u00f3 sin esperar que este suba por completo Este domingo por la tarde en inmediaciones de Battle y Ordo\u00f1ez y Melian, el interno 4257 de la l\u00ednea 138 se ocupaba con dos mujeres, luego arranca la marcha, pero es advertido por varios pasajeros, [&hellip;]<\/p>\n","protected":false},"author":2,"featured_media":9206,"comment_status":"open","ping_status":"open","sticky":false,"template":"","format":"standard","meta":{"_joinchat":[],"footnotes":""},"categories":[21,14,10],"tags":[95,55,65],"class_list":["post-9205","post","type-post","status-publish","format-standard","has-post-thumbnail","hentry","category-noticias","category-policiales","category-siniestros-viales","tag-noticias-de-rosario","tag-rosario","tag-santa-fe"],"_links":{"self":[{"href":"https:\/\/www.rosarioalerta.com.ar\/site\/wp-json\/wp\/v2\/posts\/9205","targetHints":{"allow":["GET"]}}],"collection":[{"href":"https:\/\/www.rosarioalerta.com.ar\/site\/wp-json\/wp\/v2\/posts"}],"about":[{"href":"https:\/\/www.rosarioalerta.com.ar\/site\/wp-json\/wp\/v2\/types\/post"}],"author":[{"embeddable":true,"href":"https:\/\/www.rosarioalerta.com.ar\/site\/wp-json\/wp\/v2\/users\/2"}],"replies":[{"embeddable":true,"href":"https:\/\/www.rosarioalerta.com.ar\/site\/wp-json\/wp\/v2\/comments?post=9205"}],"version-history":[{"count":1,"href":"https:\/\/www.rosarioalerta.com.ar\/site\/wp-json\/wp\/v2\/posts\/9205\/revisions"}],"predecessor-version":[{"id":9207,"href":"https:\/\/www.rosarioalerta.com.ar\/site\/wp-json\/wp\/v2\/posts\/9205\/revisions\/9207"}],"wp:featuredmedia":[{"embeddable":true,"href":"https:\/\/www.rosarioalerta.com.ar\/site\/wp-json\/wp\/v2\/media\/9206"}],"wp:attachment":[{"href":"https:\/\/www.rosarioalerta.com.ar\/site\/wp-json\/wp\/v2\/media?parent=9205"}],"wp:term":[{"taxonomy":"category","embeddable":true,"href":"https:\/\/www.rosarioalerta.com.ar\/site\/wp-json\/wp\/v2\/categories?post=9205"},{"taxonomy":"post_tag","embeddable":true,"href":"https:\/\/www.rosarioalerta.com.ar\/site\/wp-json\/wp\/v2\/tags?post=9205"}],"curies":[{"name":"wp","href":"https:\/\/api.w.org\/{rel}","templated":true}]}}