{"id":91,"date":"2021-06-10T22:19:48","date_gmt":"2021-06-11T01:19:48","guid":{"rendered":"http:\/\/tdi_43_ddf"},"modified":"2021-06-10T22:19:51","modified_gmt":"2021-06-11T01:19:51","slug":"day-3-of-spring-2016-new-york-fashion-weeks-most-inspiring","status":"publish","type":"post","link":"https:\/\/www.rosarioalerta.com.ar\/site\/archivos\/91","title":{"rendered":"Una joven falleci\u00f3 tras un siniestro vial"},"content":{"rendered":"\n<p>Fue en las primeras horas de esta ma\u00f1ana en la zona oeste. Tambi\u00e9n se registr\u00f3 en la autopista a C\u00f3rdoba otro despiste<\/p>\n\n\n\n<p>La v\u00edctima fue identificada como\u00a0<strong>Milagros Caligari de 22 a\u00f1os<\/strong>, quien de los primeros datos aportados a la investigaci\u00f3n el Peugeot 308 que conduc\u00eda un hombre de 30 a\u00f1os circulaba por\u00a0<strong>Mendoza, poco antes de llegar a la intersecci\u00f3n con M\u00e9xico<\/strong>\u00a0y por razones que se investigan, pierde el control del rodado colisionando contra columna de alumbrado p\u00fablico, falleciendo la v\u00edctima, qui\u00e9n se encontraba en el asiento de acompa\u00f1ante delantero, a consecuencia de diversos traumatismos.<\/p>\n\n\n\n<p>Intervino la\u00a0<strong>Unidad de Homicidios Culposos a\u00a0cargo de la Dra. Piazza Iglesias.\u00a0<\/strong>El\u00a0<strong>Gabinete Accidentol\u00f3gico<\/strong>\u00a0estuvo en la escena para la realizaci\u00f3n de las pericias de planimetr\u00eda, fotograf\u00eda, relevamiento de c\u00e1maras de seguridad, pericias sobre autom\u00f3vil y levantamiento de rastros. En tanto al conductor del veh\u00edculo se le form\u00f3 causa por homicidio culposos y le solicitaron los ex\u00e1menes de alcoholuria y alcoholemia.<\/p>\n\n\n\n<p>\u2026<strong>mientras tanto<\/strong>\u2026 en el\u00a0<strong>kil\u00f3metro 298 de la Autopista Rosario \u2013 C\u00f3rdoba<\/strong>\u00a0debajo del puente peatonal (<strong>altura Wilde<\/strong>) un automovilista despista y queda sobre la banquina. Afortunadamente no sufri\u00f3 lesiones y se investiga si en el siniestro hubo terceros involucrados o se debi\u00f3 al mal estado de la traza y el clima.<\/p>\n","protected":false},"excerpt":{"rendered":"<p>Fue en las primeras horas de esta ma\u00f1ana en la zona oeste. Tambi\u00e9n se registr\u00f3 en la autopista a C\u00f3rdoba otro despiste La v\u00edctima fue identificada como\u00a0Milagros Caligari de 22 a\u00f1os, quien de los primeros datos aportados a la investigaci\u00f3n el Peugeot 308 que conduc\u00eda un hombre de 30 a\u00f1os circulaba por\u00a0Mendoza, poco antes de [&hellip;]<\/p>\n","protected":false},"author":1,"featured_media":294,"comment_status":"open","ping_status":"open","sticky":false,"template":"","format":"standard","meta":{"_joinchat":[],"footnotes":""},"categories":[10],"tags":[],"class_list":["post-91","post","type-post","status-publish","format-standard","has-post-thumbnail","hentry","category-siniestros-viales"],"_links":{"self":[{"href":"https:\/\/www.rosarioalerta.com.ar\/site\/wp-json\/wp\/v2\/posts\/91","targetHints":{"allow":["GET"]}}],"collection":[{"href":"https:\/\/www.rosarioalerta.com.ar\/site\/wp-json\/wp\/v2\/posts"}],"about":[{"href":"https:\/\/www.rosarioalerta.com.ar\/site\/wp-json\/wp\/v2\/types\/post"}],"author":[{"embeddable":true,"href":"https:\/\/www.rosarioalerta.com.ar\/site\/wp-json\/wp\/v2\/users\/1"}],"replies":[{"embeddable":true,"href":"https:\/\/www.rosarioalerta.com.ar\/site\/wp-json\/wp\/v2\/comments?post=91"}],"version-history":[{"count":1,"href":"https:\/\/www.rosarioalerta.com.ar\/site\/wp-json\/wp\/v2\/posts\/91\/revisions"}],"predecessor-version":[{"id":295,"href":"https:\/\/www.rosarioalerta.com.ar\/site\/wp-json\/wp\/v2\/posts\/91\/revisions\/295"}],"wp:featuredmedia":[{"embeddable":true,"href":"https:\/\/www.rosarioalerta.com.ar\/site\/wp-json\/wp\/v2\/media\/294"}],"wp:attachment":[{"href":"https:\/\/www.rosarioalerta.com.ar\/site\/wp-json\/wp\/v2\/media?parent=91"}],"wp:term":[{"taxonomy":"category","embeddable":true,"href":"https:\/\/www.rosarioalerta.com.ar\/site\/wp-json\/wp\/v2\/categories?post=91"},{"taxonomy":"post_tag","embeddable":true,"href":"https:\/\/www.rosarioalerta.com.ar\/site\/wp-json\/wp\/v2\/tags?post=91"}],"curies":[{"name":"wp","href":"https:\/\/api.w.org\/{rel}","templated":true}]}}