{"id":8021,"date":"2022-11-02T21:57:27","date_gmt":"2022-11-03T00:57:27","guid":{"rendered":"https:\/\/www.rosarioalerta.com.ar\/site\/?p=8021"},"modified":"2022-11-02T21:57:28","modified_gmt":"2022-11-03T00:57:28","slug":"el-nuevo-sistema-de-videocontrol-fue-clave-para-la-detencion-del-sujeto-que-atropello-a-pijui","status":"publish","type":"post","link":"https:\/\/www.rosarioalerta.com.ar\/site\/archivos\/8021","title":{"rendered":"<strong>El nuevo sistema de videocontrol fue clave para la detenci\u00f3n del sujeto que atropell\u00f3 a \u201cPiju\u00ed\u201d<\/strong>"},"content":{"rendered":"\n<p><\/p>\n\n\n\n<p>El municipio puso a disposici\u00f3n de la Fiscal\u00eda las im\u00e1genes y recorrido del auto involucrado, el sujeto fue detenido y ser\u00e1 imputado en los pr\u00f3ximos d\u00edas<\/p>\n\n\n\n<p>Desde el municipio adelantaron que gracias al nuevo sistema de videocontrol implementado, lograron dar con el sujeto que escap\u00f3 tras atropellar al reconocido hincha de <strong>Newells<\/strong> y vendedor ambulante del estadio; <strong>Jorge Mario \u201cPiju\u00ed\u201d Mariachi<\/strong>, cuando este cruzaba la calle por <strong>Mendoza entre Mitre y Sarmiento<\/strong>. Tal como lo establecen los acuerdos que impuls\u00f3 el intendente <strong>Pablo Javkin<\/strong> con el Ministerio P\u00fablico de la Acusaci\u00f3n (MPA) y el Ministerio de Seguridad de la provincia, el municipio ya puso a disposici\u00f3n de Fiscal\u00eda los registros de las c\u00e1maras de la red, que permiten visualizar por su chapa patente el recorrido del veh\u00edculo en cuesti\u00f3n tanto antes como despu\u00e9s del incidente; en este caso, las im\u00e1genes tomadas en <strong>Pellegrini y Gutenberg<\/strong> tras el siniestro vial son evidencias de la fuga.<\/p>\n\n\n\n<p>Precisamente, aunque en este caso el conductor ya fue identificado, los registros municipales puestos a disposici\u00f3n de las autoridades judiciales competentes son material de suma relevancia para determinar todas las circunstancias del caso y las eventuales responsabilidades penales.<\/p>\n\n\n\n<p>De no haber sido identificado el conductor, tanto el registro visual de la chapa patente como el detalle de la \u201cruta hist\u00f3rica\u201d de los \u00faltimos meses del veh\u00edculo involucrado aportar\u00edan en el mismo sentido para su individualizaci\u00f3n, en lo concerniente a los recorridos habituales de cualquier conductor.<\/p>\n\n\n\n<p>Tal como lo se\u00f1alara el intendente Javkin, aportes como el del presente caso constituyen una de las caracter\u00edsticas fundamentales que se valoraron para implementar el nuevo sistema de c\u00e1maras instalado por el municipio, en tanto elemento de prueba para detectar veh\u00edculos con pedido de captura o que hayan estado involucrados en posibles delitos.<\/p>\n\n\n\n<p>En el caso de \u201c<strong>Piju\u00ed<\/strong>\u201d, se le aportaron a Fiscal\u00eda dos fotos, una de ellas que muestra al <strong>Volkswagen Gol<\/strong> en <strong>Mendoza y Avellaneda<\/strong>, a las 12.07, y la otra de las 13.46, cuando el veh\u00edculo transita por <strong>Pellegrini y Gutenberg.<\/strong><\/p>\n\n\n\n<p>Fuentes judiciales, el conductor, fue detenido este martes por la noche y ser\u00e1 imputado por el delito de <em>\u201clesiones graves agravadas por haberse dado a la fuga\u201d<\/em>, para lo cual se tomar\u00e1 en cuenta el material aportado por las c\u00e1maras municipales.<\/p>\n\n\n\n<p>En cuanto al estado de salud de <strong>Piju\u00ed, <\/strong>se encuentra internado en el <strong>Sanatorio Los Alerces <\/strong>recuper\u00e1ndose de una fractura cerrada de miembro inferior derecho<\/p>\n<div class=\"newspaper-x-tags\"><strong>TAGS: <\/strong><span><a href=\"https:\/\/www.rosarioalerta.com.ar\/site\/archivos\/tag\/jorge-mario-pijui-mariachi\" rel=\"tag\">Jorge Mario \u201cPiju\u00ed\u201d Mariachi<\/a><\/span><a href=\"https:\/\/www.rosarioalerta.com.ar\/site\/archivos\/tag\/noticias-de-rosario\" rel=\"tag\">Noticias de Rosario<\/a><\/span><a href=\"https:\/\/www.rosarioalerta.com.ar\/site\/archivos\/tag\/pijui\" rel=\"tag\">Piju\u00ed<\/a><\/span><a href=\"https:\/\/www.rosarioalerta.com.ar\/site\/archivos\/tag\/rosario\" rel=\"tag\">Rosario<\/a><\/span><a href=\"https:\/\/www.rosarioalerta.com.ar\/site\/archivos\/tag\/santa-fe\" rel=\"tag\">Santa Fe<\/a> <\/div>","protected":false},"excerpt":{"rendered":"<p>El municipio puso a disposici\u00f3n de la Fiscal\u00eda las im\u00e1genes y recorrido del auto involucrado, el sujeto fue detenido y ser\u00e1 imputado en los pr\u00f3ximos d\u00edas Desde el municipio adelantaron que gracias al nuevo sistema de videocontrol implementado, lograron dar con el sujeto que escap\u00f3 tras atropellar al reconocido hincha de Newells y vendedor ambulante [&hellip;]<\/p>\n","protected":false},"author":2,"featured_media":8022,"comment_status":"open","ping_status":"open","sticky":false,"template":"","format":"standard","meta":{"_joinchat":[],"footnotes":""},"categories":[11,18,21,14,10],"tags":[302,95,303,55,65],"class_list":["post-8021","post","type-post","status-publish","format-standard","has-post-thumbnail","hentry","category-detenidos","category-institucional","category-noticias","category-policiales","category-siniestros-viales","tag-jorge-mario-pijui-mariachi","tag-noticias-de-rosario","tag-pijui","tag-rosario","tag-santa-fe"],"_links":{"self":[{"href":"https:\/\/www.rosarioalerta.com.ar\/site\/wp-json\/wp\/v2\/posts\/8021","targetHints":{"allow":["GET"]}}],"collection":[{"href":"https:\/\/www.rosarioalerta.com.ar\/site\/wp-json\/wp\/v2\/posts"}],"about":[{"href":"https:\/\/www.rosarioalerta.com.ar\/site\/wp-json\/wp\/v2\/types\/post"}],"author":[{"embeddable":true,"href":"https:\/\/www.rosarioalerta.com.ar\/site\/wp-json\/wp\/v2\/users\/2"}],"replies":[{"embeddable":true,"href":"https:\/\/www.rosarioalerta.com.ar\/site\/wp-json\/wp\/v2\/comments?post=8021"}],"version-history":[{"count":1,"href":"https:\/\/www.rosarioalerta.com.ar\/site\/wp-json\/wp\/v2\/posts\/8021\/revisions"}],"predecessor-version":[{"id":8023,"href":"https:\/\/www.rosarioalerta.com.ar\/site\/wp-json\/wp\/v2\/posts\/8021\/revisions\/8023"}],"wp:featuredmedia":[{"embeddable":true,"href":"https:\/\/www.rosarioalerta.com.ar\/site\/wp-json\/wp\/v2\/media\/8022"}],"wp:attachment":[{"href":"https:\/\/www.rosarioalerta.com.ar\/site\/wp-json\/wp\/v2\/media?parent=8021"}],"wp:term":[{"taxonomy":"category","embeddable":true,"href":"https:\/\/www.rosarioalerta.com.ar\/site\/wp-json\/wp\/v2\/categories?post=8021"},{"taxonomy":"post_tag","embeddable":true,"href":"https:\/\/www.rosarioalerta.com.ar\/site\/wp-json\/wp\/v2\/tags?post=8021"}],"curies":[{"name":"wp","href":"https:\/\/api.w.org\/{rel}","templated":true}]}}