{"id":7835,"date":"2022-10-19T20:31:11","date_gmt":"2022-10-19T23:31:11","guid":{"rendered":"https:\/\/www.rosarioalerta.com.ar\/site\/?p=7835"},"modified":"2022-10-19T20:34:43","modified_gmt":"2022-10-19T23:34:43","slug":"dos-taxistas-mas-fueron-asaltados","status":"publish","type":"post","link":"https:\/\/www.rosarioalerta.com.ar\/site\/archivos\/7835","title":{"rendered":"Dos taxistas m\u00e1s fueron asaltados"},"content":{"rendered":"\n<p><\/p>\n\n\n\n<p>Ocurri\u00f3 tras la conformaci\u00f3n de la junta de seguridad<\/p>\n\n\n\n<p>No es un meme, es la realidad, los taxistas nunca dejaron de ser blancos f\u00e1ciles para los delincuentes, dado que est\u00e1n desprotegidos y sin corredores seguros (ya lo reflejamos en notas anteriores y registramos en video). Durante la tarde de este mi\u00e9rcoles y luego de la reuni\u00f3n entre los representantes de los distintos sectores de taxistas, con el ministerio de seguridad y concejales, dos taxistas de la empresa 4 380 mil fueron asaltados<\/p>\n\n\n\n<p>Uno de ellos fue abordado por una falsa pareja que al llegar a <strong>Garibaldi y Avellaneda<\/strong> a punta de pistola le sustrajeron sus pertenencias y recaudaci\u00f3n. El otro en <strong>Matienzo y Garibaldi<\/strong>, al dejar al pasaje, lo emboscaron desde una moto dos delincuentes armados, tambi\u00e9n se alzaron con efectos personales y la recaudaci\u00f3n<\/p>\n<div class=\"newspaper-x-tags\"><strong>TAGS: <\/strong><span><a href=\"https:\/\/www.rosarioalerta.com.ar\/site\/archivos\/tag\/inseguridad\" rel=\"tag\">inseguridad<\/a><\/span><a href=\"https:\/\/www.rosarioalerta.com.ar\/site\/archivos\/tag\/noticias-de-rosario\" rel=\"tag\">Noticias de Rosario<\/a><\/span><a href=\"https:\/\/www.rosarioalerta.com.ar\/site\/archivos\/tag\/perotti\" rel=\"tag\">Perotti<\/a><\/span><a href=\"https:\/\/www.rosarioalerta.com.ar\/site\/archivos\/tag\/rosario\" rel=\"tag\">Rosario<\/a><\/span><a href=\"https:\/\/www.rosarioalerta.com.ar\/site\/archivos\/tag\/santa-fe\" rel=\"tag\">Santa Fe<\/a> <\/div>","protected":false},"excerpt":{"rendered":"<p>Ocurri\u00f3 tras la conformaci\u00f3n de la junta de seguridad No es un meme, es la realidad, los taxistas nunca dejaron de ser blancos f\u00e1ciles para los delincuentes, dado que est\u00e1n desprotegidos y sin corredores seguros (ya lo reflejamos en notas anteriores y registramos en video). Durante la tarde de este mi\u00e9rcoles y luego de la [&hellip;]<\/p>\n","protected":false},"author":2,"featured_media":7837,"comment_status":"open","ping_status":"open","sticky":false,"template":"","format":"standard","meta":{"_joinchat":[],"footnotes":""},"categories":[66,21,14,2,53],"tags":[54,95,24,55,65],"class_list":["post-7835","post","type-post","status-publish","format-standard","has-post-thumbnail","hentry","category-inseguridad","category-noticias","category-policiales","category-robos","category-taxis","tag-inseguridad","tag-noticias-de-rosario","tag-perotti","tag-rosario","tag-santa-fe"],"_links":{"self":[{"href":"https:\/\/www.rosarioalerta.com.ar\/site\/wp-json\/wp\/v2\/posts\/7835","targetHints":{"allow":["GET"]}}],"collection":[{"href":"https:\/\/www.rosarioalerta.com.ar\/site\/wp-json\/wp\/v2\/posts"}],"about":[{"href":"https:\/\/www.rosarioalerta.com.ar\/site\/wp-json\/wp\/v2\/types\/post"}],"author":[{"embeddable":true,"href":"https:\/\/www.rosarioalerta.com.ar\/site\/wp-json\/wp\/v2\/users\/2"}],"replies":[{"embeddable":true,"href":"https:\/\/www.rosarioalerta.com.ar\/site\/wp-json\/wp\/v2\/comments?post=7835"}],"version-history":[{"count":1,"href":"https:\/\/www.rosarioalerta.com.ar\/site\/wp-json\/wp\/v2\/posts\/7835\/revisions"}],"predecessor-version":[{"id":7836,"href":"https:\/\/www.rosarioalerta.com.ar\/site\/wp-json\/wp\/v2\/posts\/7835\/revisions\/7836"}],"wp:featuredmedia":[{"embeddable":true,"href":"https:\/\/www.rosarioalerta.com.ar\/site\/wp-json\/wp\/v2\/media\/7837"}],"wp:attachment":[{"href":"https:\/\/www.rosarioalerta.com.ar\/site\/wp-json\/wp\/v2\/media?parent=7835"}],"wp:term":[{"taxonomy":"category","embeddable":true,"href":"https:\/\/www.rosarioalerta.com.ar\/site\/wp-json\/wp\/v2\/categories?post=7835"},{"taxonomy":"post_tag","embeddable":true,"href":"https:\/\/www.rosarioalerta.com.ar\/site\/wp-json\/wp\/v2\/tags?post=7835"}],"curies":[{"name":"wp","href":"https:\/\/api.w.org\/{rel}","templated":true}]}}