{"id":7832,"date":"2022-10-19T20:26:12","date_gmt":"2022-10-19T23:26:12","guid":{"rendered":"https:\/\/www.rosarioalerta.com.ar\/site\/?p=7832"},"modified":"2022-10-19T20:26:13","modified_gmt":"2022-10-19T23:26:13","slug":"otro-papelon-del-gobierno","status":"publish","type":"post","link":"https:\/\/www.rosarioalerta.com.ar\/site\/archivos\/7832","title":{"rendered":"Otro papel\u00f3n del gobierno"},"content":{"rendered":"\n<p><\/p>\n\n\n\n<p>La secretaria administrativa y el ministro de seguridad envueltos en el dilema<\/p>\n\n\n\n<p>Nuevamente asistieron a la <strong>C\u00e1mara de Diputados<\/strong>, para dar explicaciones del presupuesto en seguridad que no aplicaron, <strong>Ana Morel<\/strong>, respondi\u00f3 con excusas y agravios, dej\u00f3 a los santafesinos, m\u00e1s confundidos que antes. Este mi\u00e9rcoles concurrieron a la Legislatura el ministro de Seguridad <strong>Rub\u00e9n Rimoldi<\/strong> y la secretaria administrativa <strong>Ana Morel<\/strong> para explicar en que se invirtieron los <strong>3338 millones de pesos<\/strong> que la Legislatura le hab\u00eda asignado al <strong>Gobierno de Omar Perotti<\/strong> por <strong>Ley de Emergencia<\/strong> para gastar en <strong>Seguridad<\/strong>. <strong>A esta altura el \u00fanico responsable de la inacci\u00f3n y la falta de respuestas en materia de Seguridad es el Gobernador<\/strong><\/p>\n\n\n\n<p>Desde el bloque de la UCR, se\u00f1alaron que; <em>\u201cdespu\u00e9s de m\u00e1s de 4 horas de audiencia, la verdad es que seguimos sin respuestas y adem\u00e1s nos llevamos varias preocupaciones. Vimos con sorpresa como la funcionaria, con total desparpajo y a veces hasta soberbia, le falt\u00f3 el respeto a los legisladores y legisladores presentes. Delante de un ministro en silencio y cabizbajo, s\u00f3lo pudo mostrar una compra por 54 millones mientras el resto del dinero est\u00e1 atrapado en una mara\u00f1a administrativa que le quita recursos a la Polic\u00eda y castiga a los vecinos\u201d<\/em><\/p>\n\n\n\n<figure class=\"wp-block-embed is-type-rich is-provider-twitter wp-block-embed-twitter\"><div class=\"wp-block-embed__wrapper\">\n<div class=\"newspaper-x-video-container\"><blockquote class=\"twitter-tweet\" data-width=\"550\" data-dnt=\"true\"><p lang=\"es\" dir=\"ltr\">Cuando ibas a lo de tu amigo y empezaban a discutir los padres <a href=\"https:\/\/t.co\/xVSPPTH28W\">pic.twitter.com\/xVSPPTH28W<\/a><\/p>&mdash; Alberto Leonardo Delgado (@leodelga2) <a href=\"https:\/\/twitter.com\/leodelga2\/status\/1582856728944988163?ref_src=twsrc%5Etfw\">October 19, 2022<\/a><\/blockquote><script async src=\"https:\/\/platform.twitter.com\/widgets.js\" charset=\"utf-8\"><\/script><\/div>\n<\/div><\/figure>\n\n\n\n<p>La Ley de emergencia es una herramienta para agilizar los tr\u00e1mites y obtener recursos de manera m\u00e1s r\u00e1pida. A 10 meses de tenerla a disposici\u00f3n, a 2 meses de vencer, el gobierno de Omar Perotti ejecut\u00f3 menos del 1,6%. En un contexto de inflaci\u00f3n creciente, lo que no se compr\u00f3 en febrero hoy cuesta mucho m\u00e1s. En una situaci\u00f3n de crisis de Seguridad, los recursos que no se proveen, alimentan el sufrimiento de los vecinos que padecen robos, entraderas, asesinatos y balaceras todos los d\u00edas.<\/p>\n\n\n\n<p>La preocupaci\u00f3n se acrecienta si pensamos en la imagen de un ministro callado y subordinado a una funcionaria con l\u00ednea directa al gobernador Perotti. El Ministerio de Seguridad necesita, como ning\u00fan otro, una voz de mando clara sobre una fuerza vertical de 23 mil polic\u00edas y 5 mil hombres y mujeres del Servicio Penitenciario. Dotar de recursos a la Polic\u00eda; de m\u00f3viles, de combustible, de equipamiento; no puede depender, como parece ser el caso, de la decisi\u00f3n de una administrativa que no conoce de Seguridad. El rol del ministro parece quedar subordinado a una funcionaria que se impone ante la presencia de un superior.<\/p>\n\n\n\n<p>Tras este papel\u00f3n le reiteramos al gobernador Omar Perotti, responsable principal de las pol\u00edticas de Seguridad, que le d\u00e9 a su ministro el poder necesario para llevar adelante un plan de Seguridad que lleve a mejorar este desastre.<\/p>\n\n\n\n<p>Gobernar bien es gestionar, invertir y dar respuestas a la gente<\/p>\n<div class=\"newspaper-x-tags\"><strong>TAGS: <\/strong><span><a href=\"https:\/\/www.rosarioalerta.com.ar\/site\/archivos\/tag\/inseguridad\" rel=\"tag\">inseguridad<\/a><\/span><a href=\"https:\/\/www.rosarioalerta.com.ar\/site\/archivos\/tag\/noticias-de-rosario\" rel=\"tag\">Noticias de Rosario<\/a><\/span><a href=\"https:\/\/www.rosarioalerta.com.ar\/site\/archivos\/tag\/perotti\" rel=\"tag\">Perotti<\/a><\/span><a href=\"https:\/\/www.rosarioalerta.com.ar\/site\/archivos\/tag\/rosario\" rel=\"tag\">Rosario<\/a><\/span><a href=\"https:\/\/www.rosarioalerta.com.ar\/site\/archivos\/tag\/santa-fe\" rel=\"tag\">Santa Fe<\/a> <\/div>","protected":false},"excerpt":{"rendered":"<p>La secretaria administrativa y el ministro de seguridad envueltos en el dilema Nuevamente asistieron a la C\u00e1mara de Diputados, para dar explicaciones del presupuesto en seguridad que no aplicaron, Ana Morel, respondi\u00f3 con excusas y agravios, dej\u00f3 a los santafesinos, m\u00e1s confundidos que antes. Este mi\u00e9rcoles concurrieron a la Legislatura el ministro de Seguridad Rub\u00e9n [&hellip;]<\/p>\n","protected":false},"author":2,"featured_media":7833,"comment_status":"open","ping_status":"open","sticky":false,"template":"","format":"standard","meta":{"_joinchat":[],"footnotes":""},"categories":[66,18,21],"tags":[54,95,24,55,65],"class_list":["post-7832","post","type-post","status-publish","format-standard","has-post-thumbnail","hentry","category-inseguridad","category-institucional","category-noticias","tag-inseguridad","tag-noticias-de-rosario","tag-perotti","tag-rosario","tag-santa-fe"],"_links":{"self":[{"href":"https:\/\/www.rosarioalerta.com.ar\/site\/wp-json\/wp\/v2\/posts\/7832","targetHints":{"allow":["GET"]}}],"collection":[{"href":"https:\/\/www.rosarioalerta.com.ar\/site\/wp-json\/wp\/v2\/posts"}],"about":[{"href":"https:\/\/www.rosarioalerta.com.ar\/site\/wp-json\/wp\/v2\/types\/post"}],"author":[{"embeddable":true,"href":"https:\/\/www.rosarioalerta.com.ar\/site\/wp-json\/wp\/v2\/users\/2"}],"replies":[{"embeddable":true,"href":"https:\/\/www.rosarioalerta.com.ar\/site\/wp-json\/wp\/v2\/comments?post=7832"}],"version-history":[{"count":1,"href":"https:\/\/www.rosarioalerta.com.ar\/site\/wp-json\/wp\/v2\/posts\/7832\/revisions"}],"predecessor-version":[{"id":7834,"href":"https:\/\/www.rosarioalerta.com.ar\/site\/wp-json\/wp\/v2\/posts\/7832\/revisions\/7834"}],"wp:featuredmedia":[{"embeddable":true,"href":"https:\/\/www.rosarioalerta.com.ar\/site\/wp-json\/wp\/v2\/media\/7833"}],"wp:attachment":[{"href":"https:\/\/www.rosarioalerta.com.ar\/site\/wp-json\/wp\/v2\/media?parent=7832"}],"wp:term":[{"taxonomy":"category","embeddable":true,"href":"https:\/\/www.rosarioalerta.com.ar\/site\/wp-json\/wp\/v2\/categories?post=7832"},{"taxonomy":"post_tag","embeddable":true,"href":"https:\/\/www.rosarioalerta.com.ar\/site\/wp-json\/wp\/v2\/tags?post=7832"}],"curies":[{"name":"wp","href":"https:\/\/api.w.org\/{rel}","templated":true}]}}