{"id":7817,"date":"2022-10-18T11:00:16","date_gmt":"2022-10-18T14:00:16","guid":{"rendered":"https:\/\/www.rosarioalerta.com.ar\/site\/?p=7817"},"modified":"2022-10-18T11:00:18","modified_gmt":"2022-10-18T14:00:18","slug":"ofrecen-un-millon-de-pesos-para-quienes-puedan-aportar-datos-sobre-el-crimen-de-joaquin-perez","status":"publish","type":"post","link":"https:\/\/www.rosarioalerta.com.ar\/site\/archivos\/7817","title":{"rendered":"Ofrecen un mill\u00f3n de pesos para quienes puedan aportar datos sobre el crimen de Joaqu\u00edn P\u00e9rez"},"content":{"rendered":"\n<p><\/p>\n\n\n\n<p>A un a\u00f1o del brutal asesinato en ocasi\u00f3n de robo, del arquitecto en Arroyito, la Fiscal\u00eda puso a disposici\u00f3n de la poblaci\u00f3n im\u00e1genes de las c\u00e1maras de seguridad privadas<\/p>\n\n\n\n<p>En primera instancia en las mismas se observan a dos personas sindicadas de participar en el hecho investigado trasladarse en motocicleta en las cercan\u00edas donde la v\u00edctima se dirig\u00eda a guardar su veh\u00edculo y posteriormente retirarse a gran velocidad con el autom\u00f3vil de la v\u00edctima luego de cometido el hecho. Hay una <strong>recompensa de 1.000.000 de pesos<\/strong> por datos que puedan aportarse para lograr la identificaci\u00f3n de las personas sindicadas que se observan en las im\u00e1genes adjuntas. Todo aquel que pueda colaborar tendr\u00e1 la reserva del caso y puede comunicarse a las redes sociales de Fiscal\u00eda Regional Segunda Circunscripci\u00f3n Rosario (Facebook, Twitter e Instagram) o presentarse en la Unidad de Homicidios Dolosos, en el Centro de Justicia, de Sarmiento 2850 en Rosario, como as\u00ed tambi\u00e9n en cualquier sede de Fiscal\u00edas Regionales de la Provincia de Santa Fe<\/p>\n\n\n\n<p class=\"has-text-align-center\"><strong>Avances de la Investigaci\u00f3n<\/strong><\/p>\n\n\n\n<p>Seg\u00fan detall\u00f3 el Fiscal a cargo Adri\u00e1n Spelta, se realiz\u00f3 el levantamiento de rastros en el veh\u00edculo de la v\u00edctima, las muestras a la AFIS (sistema autom\u00e1tico de investigaci\u00f3n dactilar), se sometieron a escaneo con resultado negativo en relaci\u00f3n a coincidencia con posibles sindicados. La colaboraci\u00f3n de la Polic\u00eda Federal, fue para realizar el cotejo bal\u00edstico sobre dos vainas halladas en el lugar del hecho y del arma secuestrada. Asimismo, realizaron la reconstrucci\u00f3n del hecho para determinar trayectoria de los proyectiles, oficiando al AFIS, a la Organizaci\u00f3n Internacional de Polic\u00eda Criminal (Interpol), a la superintendencia de Polic\u00eda cient\u00edfica de La Plata (BsAs) y a la Divisi\u00f3n Rastros de la Polic\u00eda Federal Argentina. Los cuales con los rastros levantados, concluyeron; que todas las huellas halladas en el interior del rodado pertenecen a <strong>Joaqu\u00edn P\u00e9rez<\/strong><\/p>\n\n\n\n<p>Tambi\u00e9n solicitaron a Gendarmer\u00eda Nacional Argentina la realizaci\u00f3n de un nuevo cotejo de huellas. Relevaron las c\u00e1maras de seguridad en la zona del hecho e influencia, con mejoramiento de imagen confeccionada por el personal t\u00e9cnico especializado del Organismo de Investigaci\u00f3n, pero la nitidez de la grabaci\u00f3n y calidad de las im\u00e1genes recabadas no permitieron el mejoramiento, de tal modo que resulta imposible identificar&nbsp; el rostro de los asesinos<\/p>\n\n\n\n<p>Intervino, la Unidad Transdiciplinaria de identificaci\u00f3n antropom\u00e9trica del Poder Judicial de Provincia de C\u00f3rdoba para realizar cotejo y confrontaci\u00f3n antropom\u00e9trica entre personas que aparecen en filmaciones y todas las personas sospechosas como posibles sindicadas. Y solicitaron colaboraci\u00f3n al Gabinete Criminal\u00edstico del Poder Judicial de la Provincia de Chaco para profundizar pericias bal\u00edsticas y de rastros. Pericias que se encuentran en curso<\/p>\n\n\n\n<p>Peritaron m\u00e1s de 20 celulares secuestrados en allanamientos que se realizaron el primero de noviembre del pasado a\u00f1o, cuya extracci\u00f3n fue al Organismo de Investigaci\u00f3n, para el an\u00e1lisis de chats, mensajes, contenido multimedia y llamas entrantes y salientes de todos los celulares, que se encuentran en curso, tambi\u00e9n peritaron el celular de la v\u00edctima. Hubo tres demorados, en los allanamientos, a los que les extrajeron sangre, pero los resultados dieron negativos comparados con las muestras gen\u00e9ticas recabadas en la escena<\/p>\n\n\n\n<p>Hasta el momento no hay detenidos y se espera que la poblaci\u00f3n pueda colaborar con los datos aportados a la investigaci\u00f3n<\/p>\n\n\n\n<figure class=\"wp-block-embed is-type-video is-provider-youtube wp-block-embed-youtube wp-embed-aspect-4-3 wp-has-aspect-ratio\"><div class=\"wp-block-embed__wrapper\">\n<div class=\"newspaper-x-video-container\"><iframe loading=\"lazy\" title=\"Ofrecen un mill\u00f3n de pesos para quienes puedan aportar datos sobre el crimen de Joaqu\u00edn P\u00e9rez\" width=\"750\" height=\"422\" src=\"https:\/\/www.youtube.com\/embed\/OfqzOIeion0?feature=oembed\" frameborder=\"0\" allow=\"accelerometer; autoplay; clipboard-write; encrypted-media; gyroscope; picture-in-picture; web-share\" referrerpolicy=\"strict-origin-when-cross-origin\" allowfullscreen><\/iframe><\/div>\n<\/div><\/figure>\n<div class=\"newspaper-x-tags\"><strong>TAGS: <\/strong><span><a href=\"https:\/\/www.rosarioalerta.com.ar\/site\/archivos\/tag\/homicidio\" rel=\"tag\">Homicidio<\/a><\/span><a href=\"https:\/\/www.rosarioalerta.com.ar\/site\/archivos\/tag\/inseguridad\" rel=\"tag\">inseguridad<\/a><\/span><a href=\"https:\/\/www.rosarioalerta.com.ar\/site\/archivos\/tag\/noticias-de-rosario\" rel=\"tag\">Noticias de Rosario<\/a><\/span><a href=\"https:\/\/www.rosarioalerta.com.ar\/site\/archivos\/tag\/perotti\" rel=\"tag\">Perotti<\/a><\/span><a href=\"https:\/\/www.rosarioalerta.com.ar\/site\/archivos\/tag\/rosario\" rel=\"tag\">Rosario<\/a><\/span><a href=\"https:\/\/www.rosarioalerta.com.ar\/site\/archivos\/tag\/santa-fe\" rel=\"tag\">Santa Fe<\/a> <\/div>","protected":false},"excerpt":{"rendered":"<p>A un a\u00f1o del brutal asesinato en ocasi\u00f3n de robo, del arquitecto en Arroyito, la Fiscal\u00eda puso a disposici\u00f3n de la poblaci\u00f3n im\u00e1genes de las c\u00e1maras de seguridad privadas En primera instancia en las mismas se observan a dos personas sindicadas de participar en el hecho investigado trasladarse en motocicleta en las cercan\u00edas donde la [&hellip;]<\/p>\n","protected":false},"author":2,"featured_media":7818,"comment_status":"open","ping_status":"open","sticky":false,"template":"","format":"standard","meta":{"_joinchat":[],"footnotes":""},"categories":[6,66,13,21,14,2],"tags":[117,54,95,24,55,65],"class_list":["post-7817","post","type-post","status-publish","format-standard","has-post-thumbnail","hentry","category-homicidios","category-inseguridad","category-judiciales","category-noticias","category-policiales","category-robos","tag-homicidio","tag-inseguridad","tag-noticias-de-rosario","tag-perotti","tag-rosario","tag-santa-fe"],"_links":{"self":[{"href":"https:\/\/www.rosarioalerta.com.ar\/site\/wp-json\/wp\/v2\/posts\/7817","targetHints":{"allow":["GET"]}}],"collection":[{"href":"https:\/\/www.rosarioalerta.com.ar\/site\/wp-json\/wp\/v2\/posts"}],"about":[{"href":"https:\/\/www.rosarioalerta.com.ar\/site\/wp-json\/wp\/v2\/types\/post"}],"author":[{"embeddable":true,"href":"https:\/\/www.rosarioalerta.com.ar\/site\/wp-json\/wp\/v2\/users\/2"}],"replies":[{"embeddable":true,"href":"https:\/\/www.rosarioalerta.com.ar\/site\/wp-json\/wp\/v2\/comments?post=7817"}],"version-history":[{"count":1,"href":"https:\/\/www.rosarioalerta.com.ar\/site\/wp-json\/wp\/v2\/posts\/7817\/revisions"}],"predecessor-version":[{"id":7819,"href":"https:\/\/www.rosarioalerta.com.ar\/site\/wp-json\/wp\/v2\/posts\/7817\/revisions\/7819"}],"wp:featuredmedia":[{"embeddable":true,"href":"https:\/\/www.rosarioalerta.com.ar\/site\/wp-json\/wp\/v2\/media\/7818"}],"wp:attachment":[{"href":"https:\/\/www.rosarioalerta.com.ar\/site\/wp-json\/wp\/v2\/media?parent=7817"}],"wp:term":[{"taxonomy":"category","embeddable":true,"href":"https:\/\/www.rosarioalerta.com.ar\/site\/wp-json\/wp\/v2\/categories?post=7817"},{"taxonomy":"post_tag","embeddable":true,"href":"https:\/\/www.rosarioalerta.com.ar\/site\/wp-json\/wp\/v2\/tags?post=7817"}],"curies":[{"name":"wp","href":"https:\/\/api.w.org\/{rel}","templated":true}]}}