{"id":7739,"date":"2022-10-11T10:47:55","date_gmt":"2022-10-11T13:47:55","guid":{"rendered":"https:\/\/www.rosarioalerta.com.ar\/site\/?p=7739"},"modified":"2022-10-11T10:47:57","modified_gmt":"2022-10-11T13:47:57","slug":"repudio-y-extrema-preocupacion","status":"publish","type":"post","link":"https:\/\/www.rosarioalerta.com.ar\/site\/archivos\/7739","title":{"rendered":"Repudio y extrema preocupaci\u00f3n"},"content":{"rendered":"\n<p><\/p>\n\n\n\n<p>As\u00ed lo manifestaron desde el Sindicato de Prensa Rosario por la bandera colgada en las rejas de Canal 5<\/p>\n\n\n\n<p>Un mensaje amenazante que expresa; \u201c<strong><em>A TODOS LOS MEDIOS DE ROSARIO. DEJEN DE ENSUCIAR Y CONDENAR A LOS PIBES CON LA LENGUA XQ VAMOS A MATAR PERIODISTAS. CON LA MAFIA NO SE JODE. SINO CARAVANA CON EL NOBA\u201d<\/em><\/strong><\/p>\n\n\n\n<p>Asimismo desde el <strong>Sindicato de Prensa de Rosario<\/strong>, se\u00f1alaron que denunciar\u00e1 esta amenaza ante el <strong>Ministerio P\u00fablico de la Acusaci\u00f3n<\/strong> y pedir\u00e1 la urgente investigaci\u00f3n del hecho que crea zozobra entre trabajadores de prensa y se suma al malestar generado por el mensaje violento y estigmatizador que se conoci\u00f3 el 25 de septiembre desde la cuenta de @LmMonteil. \u00c7<\/p>\n\n\n\n<p>Tambi\u00e9n recuerdan que el fiscal <strong>Dar\u00edo Cimino<\/strong> desestim\u00f3 la semana pasada la denuncia que present\u00f3 nuestra organizaci\u00f3n y entendi\u00f3 que los dichos del twitter manifestando que \u201c<strong><em>El mundo ser\u00e1 un lugar vivible cuando todos los d\u00edas se ejecute un periodista\u201d<\/em><\/strong> no es delito<\/p>\n<div class=\"newspaper-x-tags\"><strong>TAGS: <\/strong><span><a href=\"https:\/\/www.rosarioalerta.com.ar\/site\/archivos\/tag\/inseguridad\" rel=\"tag\">inseguridad<\/a><\/span><a href=\"https:\/\/www.rosarioalerta.com.ar\/site\/archivos\/tag\/noticias-de-rosario\" rel=\"tag\">Noticias de Rosario<\/a><\/span><a href=\"https:\/\/www.rosarioalerta.com.ar\/site\/archivos\/tag\/perotti\" rel=\"tag\">Perotti<\/a><\/span><a href=\"https:\/\/www.rosarioalerta.com.ar\/site\/archivos\/tag\/rosario\" rel=\"tag\">Rosario<\/a><\/span><a href=\"https:\/\/www.rosarioalerta.com.ar\/site\/archivos\/tag\/santa-fe\" rel=\"tag\">Santa Fe<\/a> <\/div>","protected":false},"excerpt":{"rendered":"<p>As\u00ed lo manifestaron desde el Sindicato de Prensa Rosario por la bandera colgada en las rejas de Canal 5 Un mensaje amenazante que expresa; \u201cA TODOS LOS MEDIOS DE ROSARIO. DEJEN DE ENSUCIAR Y CONDENAR A LOS PIBES CON LA LENGUA XQ VAMOS A MATAR PERIODISTAS. CON LA MAFIA NO SE JODE. SINO CARAVANA CON [&hellip;]<\/p>\n","protected":false},"author":2,"featured_media":7740,"comment_status":"open","ping_status":"open","sticky":false,"template":"","format":"standard","meta":{"_joinchat":[],"footnotes":""},"categories":[66,21,14],"tags":[54,95,24,55,65],"class_list":["post-7739","post","type-post","status-publish","format-standard","has-post-thumbnail","hentry","category-inseguridad","category-noticias","category-policiales","tag-inseguridad","tag-noticias-de-rosario","tag-perotti","tag-rosario","tag-santa-fe"],"_links":{"self":[{"href":"https:\/\/www.rosarioalerta.com.ar\/site\/wp-json\/wp\/v2\/posts\/7739","targetHints":{"allow":["GET"]}}],"collection":[{"href":"https:\/\/www.rosarioalerta.com.ar\/site\/wp-json\/wp\/v2\/posts"}],"about":[{"href":"https:\/\/www.rosarioalerta.com.ar\/site\/wp-json\/wp\/v2\/types\/post"}],"author":[{"embeddable":true,"href":"https:\/\/www.rosarioalerta.com.ar\/site\/wp-json\/wp\/v2\/users\/2"}],"replies":[{"embeddable":true,"href":"https:\/\/www.rosarioalerta.com.ar\/site\/wp-json\/wp\/v2\/comments?post=7739"}],"version-history":[{"count":1,"href":"https:\/\/www.rosarioalerta.com.ar\/site\/wp-json\/wp\/v2\/posts\/7739\/revisions"}],"predecessor-version":[{"id":7741,"href":"https:\/\/www.rosarioalerta.com.ar\/site\/wp-json\/wp\/v2\/posts\/7739\/revisions\/7741"}],"wp:featuredmedia":[{"embeddable":true,"href":"https:\/\/www.rosarioalerta.com.ar\/site\/wp-json\/wp\/v2\/media\/7740"}],"wp:attachment":[{"href":"https:\/\/www.rosarioalerta.com.ar\/site\/wp-json\/wp\/v2\/media?parent=7739"}],"wp:term":[{"taxonomy":"category","embeddable":true,"href":"https:\/\/www.rosarioalerta.com.ar\/site\/wp-json\/wp\/v2\/categories?post=7739"},{"taxonomy":"post_tag","embeddable":true,"href":"https:\/\/www.rosarioalerta.com.ar\/site\/wp-json\/wp\/v2\/tags?post=7739"}],"curies":[{"name":"wp","href":"https:\/\/api.w.org\/{rel}","templated":true}]}}