{"id":7713,"date":"2022-10-07T10:51:57","date_gmt":"2022-10-07T13:51:57","guid":{"rendered":"https:\/\/www.rosarioalerta.com.ar\/site\/?p=7713"},"modified":"2022-10-07T10:51:58","modified_gmt":"2022-10-07T13:51:58","slug":"fuerte-reclamo-por-la-falta-de-ejecucion-de-presupuesto-en-seguridad","status":"publish","type":"post","link":"https:\/\/www.rosarioalerta.com.ar\/site\/archivos\/7713","title":{"rendered":"Fuerte reclamo por la falta de ejecuci\u00f3n de presupuesto en Seguridad"},"content":{"rendered":"\n<p><\/p>\n\n\n\n<p>Tras el enfado luego de la reuni\u00f3n con la Comisi\u00f3n de Seguridad, se le sum\u00f3 el pedido de explicaci\u00f3n en la c\u00e1mara baja<\/p>\n\n\n\n<p>El mi\u00e9rcoles, el diputado <strong>Juan Cruz C\u00e1ndido<\/strong>, ya hab\u00eda expresado la falta de implementaci\u00f3n del presupuesto asignado en la emergencia de seguridad y remarc\u00f3 que las excusas siguen siendo las mismas, \u201csi dependiera de m\u00ed, no votar\u00eda la renovaci\u00f3n, pero lo tengo que hablar con mis pares\u201d sentenci\u00f3<\/p>\n\n\n\n<p>Al d\u00eda siguiente la <strong>Diputada Clara Garc\u00eda<\/strong>, remarc\u00f3 que pasaron dos a\u00f1os desde que el presidente <strong>Alberto Fern\u00e1ndez<\/strong>, (mientras era ministro de seguridad <strong>Marcelo Sain<\/strong>) <strong>entreg\u00f3 3000 mil millones de pesos<\/strong>, al gobernador para la lucha contra la inseguridad. Los mismos iban a ser invertidos en tecnolog\u00edas nuevas para la Central de Emergencias del 911, comunicaci\u00f3n y dem\u00e1s. A dos a\u00f1os del anuncio, no se vio reflejada la implementaci\u00f3n del mismo y la plata sigue en el banco.<\/p>\n\n\n\n<p>Y sentenci\u00f3; <strong><em>\u201c<\/em><\/strong><strong><em>La gesti\u00f3n de la seguridad no permite m\u00e1s excusas\u201d<\/em><\/strong><strong><em><\/em><\/strong><\/p>\n\n\n\n<figure class=\"wp-block-embed is-type-video is-provider-youtube wp-block-embed-youtube wp-embed-aspect-16-9 wp-has-aspect-ratio\"><div class=\"wp-block-embed__wrapper\">\n<div class=\"newspaper-x-video-container\"><iframe loading=\"lazy\" title=\"\u201cLa gesti\u00f3n de la seguridad no permite m\u00e1s excusas\u201d\" width=\"750\" height=\"422\" src=\"https:\/\/www.youtube.com\/embed\/DG3pvGINZV4?feature=oembed\" frameborder=\"0\" allow=\"accelerometer; autoplay; clipboard-write; encrypted-media; gyroscope; picture-in-picture; web-share\" referrerpolicy=\"strict-origin-when-cross-origin\" allowfullscreen><\/iframe><\/div>\n<\/div><\/figure>\n<div class=\"newspaper-x-tags\"><strong>TAGS: <\/strong><span><a href=\"https:\/\/www.rosarioalerta.com.ar\/site\/archivos\/tag\/inseguridad\" rel=\"tag\">inseguridad<\/a><\/span><a href=\"https:\/\/www.rosarioalerta.com.ar\/site\/archivos\/tag\/noticias-de-rosario\" rel=\"tag\">Noticias de Rosario<\/a><\/span><a href=\"https:\/\/www.rosarioalerta.com.ar\/site\/archivos\/tag\/perotti\" rel=\"tag\">Perotti<\/a><\/span><a href=\"https:\/\/www.rosarioalerta.com.ar\/site\/archivos\/tag\/rosario\" rel=\"tag\">Rosario<\/a><\/span><a href=\"https:\/\/www.rosarioalerta.com.ar\/site\/archivos\/tag\/santa-fe\" rel=\"tag\">Santa Fe<\/a> <\/div>","protected":false},"excerpt":{"rendered":"<p>Tras el enfado luego de la reuni\u00f3n con la Comisi\u00f3n de Seguridad, se le sum\u00f3 el pedido de explicaci\u00f3n en la c\u00e1mara baja El mi\u00e9rcoles, el diputado Juan Cruz C\u00e1ndido, ya hab\u00eda expresado la falta de implementaci\u00f3n del presupuesto asignado en la emergencia de seguridad y remarc\u00f3 que las excusas siguen siendo las mismas, \u201csi [&hellip;]<\/p>\n","protected":false},"author":2,"featured_media":7714,"comment_status":"open","ping_status":"open","sticky":false,"template":"","format":"standard","meta":{"_joinchat":[],"footnotes":""},"categories":[66,18,21],"tags":[54,95,24,55,65],"class_list":["post-7713","post","type-post","status-publish","format-standard","has-post-thumbnail","hentry","category-inseguridad","category-institucional","category-noticias","tag-inseguridad","tag-noticias-de-rosario","tag-perotti","tag-rosario","tag-santa-fe"],"_links":{"self":[{"href":"https:\/\/www.rosarioalerta.com.ar\/site\/wp-json\/wp\/v2\/posts\/7713","targetHints":{"allow":["GET"]}}],"collection":[{"href":"https:\/\/www.rosarioalerta.com.ar\/site\/wp-json\/wp\/v2\/posts"}],"about":[{"href":"https:\/\/www.rosarioalerta.com.ar\/site\/wp-json\/wp\/v2\/types\/post"}],"author":[{"embeddable":true,"href":"https:\/\/www.rosarioalerta.com.ar\/site\/wp-json\/wp\/v2\/users\/2"}],"replies":[{"embeddable":true,"href":"https:\/\/www.rosarioalerta.com.ar\/site\/wp-json\/wp\/v2\/comments?post=7713"}],"version-history":[{"count":1,"href":"https:\/\/www.rosarioalerta.com.ar\/site\/wp-json\/wp\/v2\/posts\/7713\/revisions"}],"predecessor-version":[{"id":7715,"href":"https:\/\/www.rosarioalerta.com.ar\/site\/wp-json\/wp\/v2\/posts\/7713\/revisions\/7715"}],"wp:featuredmedia":[{"embeddable":true,"href":"https:\/\/www.rosarioalerta.com.ar\/site\/wp-json\/wp\/v2\/media\/7714"}],"wp:attachment":[{"href":"https:\/\/www.rosarioalerta.com.ar\/site\/wp-json\/wp\/v2\/media?parent=7713"}],"wp:term":[{"taxonomy":"category","embeddable":true,"href":"https:\/\/www.rosarioalerta.com.ar\/site\/wp-json\/wp\/v2\/categories?post=7713"},{"taxonomy":"post_tag","embeddable":true,"href":"https:\/\/www.rosarioalerta.com.ar\/site\/wp-json\/wp\/v2\/tags?post=7713"}],"curies":[{"name":"wp","href":"https:\/\/api.w.org\/{rel}","templated":true}]}}