{"id":7596,"date":"2022-09-29T22:23:32","date_gmt":"2022-09-30T01:23:32","guid":{"rendered":"https:\/\/www.rosarioalerta.com.ar\/site\/?p=7596"},"modified":"2022-09-29T22:23:33","modified_gmt":"2022-09-30T01:23:33","slug":"rescataron-a-un-perro","status":"publish","type":"post","link":"https:\/\/www.rosarioalerta.com.ar\/site\/archivos\/7596","title":{"rendered":"Rescataron a un perro"},"content":{"rendered":"\n<p><\/p>\n\n\n\n<p>El mismo hab\u00eda ca\u00eddo en un pozo profundo<\/p>\n\n\n\n<p>Personal de la <strong>Secci\u00f3n Ecol\u00f3gica de la Polic\u00eda Comunitaria<\/strong> rescat\u00f3 este jueves al mediod\u00eda a un perro, el cual hab\u00eda ca\u00eddo a un pozo en inmediaciones de <strong>Jos\u00e9 M. Rosas y Jorge Newbery<\/strong>. El alerta lo dio un vecino que pas\u00f3 por el lugar y se encontr\u00f3 con la mascota que ladraba. Luego de varias maniobras&nbsp; lograron rescatar al mismo y fue trasladado a la sede de la <strong>Secci\u00f3n Ecol\u00f3gica<\/strong> para recibir atenci\u00f3n profesional<\/p>\n\n\n\n<figure class=\"wp-block-embed is-type-video is-provider-youtube wp-block-embed-youtube wp-embed-aspect-16-9 wp-has-aspect-ratio\"><div class=\"wp-block-embed__wrapper\">\n<div class=\"newspaper-x-video-container\"><iframe loading=\"lazy\" title=\"Rescataron a un perro\" width=\"750\" height=\"422\" src=\"https:\/\/www.youtube.com\/embed\/n6s8gdzR5Lo?feature=oembed\" frameborder=\"0\" allow=\"accelerometer; autoplay; clipboard-write; encrypted-media; gyroscope; picture-in-picture; web-share\" referrerpolicy=\"strict-origin-when-cross-origin\" allowfullscreen><\/iframe><\/div>\n<\/div><\/figure>\n<div class=\"newspaper-x-tags\"><strong>TAGS: <\/strong><span><a href=\"https:\/\/www.rosarioalerta.com.ar\/site\/archivos\/tag\/noticias-de-rosario\" rel=\"tag\">Noticias de Rosario<\/a><\/span><a href=\"https:\/\/www.rosarioalerta.com.ar\/site\/archivos\/tag\/rosario\" rel=\"tag\">Rosario<\/a><\/span><a href=\"https:\/\/www.rosarioalerta.com.ar\/site\/archivos\/tag\/santa-fe\" rel=\"tag\">Santa Fe<\/a> <\/div>","protected":false},"excerpt":{"rendered":"<p>El mismo hab\u00eda ca\u00eddo en un pozo profundo Personal de la Secci\u00f3n Ecol\u00f3gica de la Polic\u00eda Comunitaria rescat\u00f3 este jueves al mediod\u00eda a un perro, el cual hab\u00eda ca\u00eddo a un pozo en inmediaciones de Jos\u00e9 M. Rosas y Jorge Newbery. El alerta lo dio un vecino que pas\u00f3 por el lugar y se encontr\u00f3 [&hellip;]<\/p>\n","protected":false},"author":2,"featured_media":7597,"comment_status":"open","ping_status":"open","sticky":false,"template":"","format":"standard","meta":{"_joinchat":[],"footnotes":""},"categories":[21,14,8],"tags":[95,55,65],"class_list":["post-7596","post","type-post","status-publish","format-standard","has-post-thumbnail","hentry","category-noticias","category-policiales","category-proteccion-de-animales","tag-noticias-de-rosario","tag-rosario","tag-santa-fe"],"_links":{"self":[{"href":"https:\/\/www.rosarioalerta.com.ar\/site\/wp-json\/wp\/v2\/posts\/7596","targetHints":{"allow":["GET"]}}],"collection":[{"href":"https:\/\/www.rosarioalerta.com.ar\/site\/wp-json\/wp\/v2\/posts"}],"about":[{"href":"https:\/\/www.rosarioalerta.com.ar\/site\/wp-json\/wp\/v2\/types\/post"}],"author":[{"embeddable":true,"href":"https:\/\/www.rosarioalerta.com.ar\/site\/wp-json\/wp\/v2\/users\/2"}],"replies":[{"embeddable":true,"href":"https:\/\/www.rosarioalerta.com.ar\/site\/wp-json\/wp\/v2\/comments?post=7596"}],"version-history":[{"count":1,"href":"https:\/\/www.rosarioalerta.com.ar\/site\/wp-json\/wp\/v2\/posts\/7596\/revisions"}],"predecessor-version":[{"id":7598,"href":"https:\/\/www.rosarioalerta.com.ar\/site\/wp-json\/wp\/v2\/posts\/7596\/revisions\/7598"}],"wp:featuredmedia":[{"embeddable":true,"href":"https:\/\/www.rosarioalerta.com.ar\/site\/wp-json\/wp\/v2\/media\/7597"}],"wp:attachment":[{"href":"https:\/\/www.rosarioalerta.com.ar\/site\/wp-json\/wp\/v2\/media?parent=7596"}],"wp:term":[{"taxonomy":"category","embeddable":true,"href":"https:\/\/www.rosarioalerta.com.ar\/site\/wp-json\/wp\/v2\/categories?post=7596"},{"taxonomy":"post_tag","embeddable":true,"href":"https:\/\/www.rosarioalerta.com.ar\/site\/wp-json\/wp\/v2\/tags?post=7596"}],"curies":[{"name":"wp","href":"https:\/\/api.w.org\/{rel}","templated":true}]}}