{"id":7498,"date":"2022-09-23T16:36:51","date_gmt":"2022-09-23T19:36:51","guid":{"rendered":"https:\/\/www.rosarioalerta.com.ar\/site\/?p=7498"},"modified":"2022-09-23T16:36:52","modified_gmt":"2022-09-23T19:36:52","slug":"los-rosarinos-pagamos-las-consecuencias-de-una-desidia-inexplicable","status":"publish","type":"post","link":"https:\/\/www.rosarioalerta.com.ar\/site\/archivos\/7498","title":{"rendered":"\u201cLos rosarinos pagamos las consecuencias de una desidia inexplicable\u201d"},"content":{"rendered":"\n<p><\/p>\n\n\n\n<p>As\u00ed se manifest\u00f3 la concejala <strong>Susana Rueda<\/strong> al salir de la primera reuni\u00f3n que los concejales tuvieron con el <strong>Ministro de Seguridad, Rub\u00e9n Rimoldi<\/strong><\/p>\n\n\n\n<p>En el marco de la grave crisis de seguridad que atraviesa la ciudad, con alt\u00edsimos \u00edndices de violencia y homicidios; <em>&#8220;Durante la reuni\u00f3n esper\u00e1bamos poder trasladarle al Ministro los reclamos y necesidades que rosarinos y rosarinas tienen sobre el tema seguridad, pero tambi\u00e9n pedir respuestas y un plan para atender esta grave situaci\u00f3n. En ese sentido, la sensaci\u00f3n no es de las mejores: no se explic\u00f3 la sub-ejecuci\u00f3n presupuestaria del 70%, ni por qu\u00e9 se desactivaron los dispositivos multi-agenciales, la Polic\u00eda Comunitaria y los Centros Territoriales de Denuncia. Tampoco obtuvimos demasiadas respuestas al consultar por medidas ante la corrupci\u00f3n policial y la superpoblaci\u00f3n carcelaria&#8221;<\/em>, se\u00f1al\u00f3 Rueda, al salir del encuentro que se llev\u00f3 a cabo en la Sede Local de Gobernaci\u00f3n.<\/p>\n\n\n\n<p>La concejala tambi\u00e9n dijo que <em>&#8220;Se anunciaron cosas que ya se hac\u00edan: plantean reactivar pol\u00edticas p\u00fablicas que se hab\u00edan llevado adelante en gestiones anteriores, que bajaron considerablemente los \u00edndices delictivos, pero que por capricho de funcionarios de turno, fueron dadas de baja. Se perdieron 2 a\u00f1os y medio sin acciones en territorio, sin ejecutar presupuesto, con las tasas de homicidio en continuo crecimiento y fuimos los rosarinos y rosarinas quienes pagamos las consecuencias de esa desidia inexplicable&#8221;<\/em><\/p>\n<div class=\"newspaper-x-tags\"><strong>TAGS: <\/strong><span><a href=\"https:\/\/www.rosarioalerta.com.ar\/site\/archivos\/tag\/inseguridad\" rel=\"tag\">inseguridad<\/a><\/span><a href=\"https:\/\/www.rosarioalerta.com.ar\/site\/archivos\/tag\/noticias-de-rosario\" rel=\"tag\">Noticias de Rosario<\/a><\/span><a href=\"https:\/\/www.rosarioalerta.com.ar\/site\/archivos\/tag\/perotti\" rel=\"tag\">Perotti<\/a><\/span><a href=\"https:\/\/www.rosarioalerta.com.ar\/site\/archivos\/tag\/rosario\" rel=\"tag\">Rosario<\/a><\/span><a href=\"https:\/\/www.rosarioalerta.com.ar\/site\/archivos\/tag\/santa-fe\" rel=\"tag\">Santa Fe<\/a> <\/div>","protected":false},"excerpt":{"rendered":"<p>As\u00ed se manifest\u00f3 la concejala Susana Rueda al salir de la primera reuni\u00f3n que los concejales tuvieron con el Ministro de Seguridad, Rub\u00e9n Rimoldi En el marco de la grave crisis de seguridad que atraviesa la ciudad, con alt\u00edsimos \u00edndices de violencia y homicidios; &#8220;Durante la reuni\u00f3n esper\u00e1bamos poder trasladarle al Ministro los reclamos y [&hellip;]<\/p>\n","protected":false},"author":2,"featured_media":7499,"comment_status":"open","ping_status":"open","sticky":false,"template":"","format":"standard","meta":{"_joinchat":[],"footnotes":""},"categories":[66,18,21],"tags":[54,95,24,55,65],"class_list":["post-7498","post","type-post","status-publish","format-standard","has-post-thumbnail","hentry","category-inseguridad","category-institucional","category-noticias","tag-inseguridad","tag-noticias-de-rosario","tag-perotti","tag-rosario","tag-santa-fe"],"_links":{"self":[{"href":"https:\/\/www.rosarioalerta.com.ar\/site\/wp-json\/wp\/v2\/posts\/7498","targetHints":{"allow":["GET"]}}],"collection":[{"href":"https:\/\/www.rosarioalerta.com.ar\/site\/wp-json\/wp\/v2\/posts"}],"about":[{"href":"https:\/\/www.rosarioalerta.com.ar\/site\/wp-json\/wp\/v2\/types\/post"}],"author":[{"embeddable":true,"href":"https:\/\/www.rosarioalerta.com.ar\/site\/wp-json\/wp\/v2\/users\/2"}],"replies":[{"embeddable":true,"href":"https:\/\/www.rosarioalerta.com.ar\/site\/wp-json\/wp\/v2\/comments?post=7498"}],"version-history":[{"count":1,"href":"https:\/\/www.rosarioalerta.com.ar\/site\/wp-json\/wp\/v2\/posts\/7498\/revisions"}],"predecessor-version":[{"id":7500,"href":"https:\/\/www.rosarioalerta.com.ar\/site\/wp-json\/wp\/v2\/posts\/7498\/revisions\/7500"}],"wp:featuredmedia":[{"embeddable":true,"href":"https:\/\/www.rosarioalerta.com.ar\/site\/wp-json\/wp\/v2\/media\/7499"}],"wp:attachment":[{"href":"https:\/\/www.rosarioalerta.com.ar\/site\/wp-json\/wp\/v2\/media?parent=7498"}],"wp:term":[{"taxonomy":"category","embeddable":true,"href":"https:\/\/www.rosarioalerta.com.ar\/site\/wp-json\/wp\/v2\/categories?post=7498"},{"taxonomy":"post_tag","embeddable":true,"href":"https:\/\/www.rosarioalerta.com.ar\/site\/wp-json\/wp\/v2\/tags?post=7498"}],"curies":[{"name":"wp","href":"https:\/\/api.w.org\/{rel}","templated":true}]}}