{"id":7355,"date":"2022-09-16T17:56:47","date_gmt":"2022-09-16T20:56:47","guid":{"rendered":"https:\/\/www.rosarioalerta.com.ar\/site\/?p=7355"},"modified":"2022-09-16T17:56:48","modified_gmt":"2022-09-16T20:56:48","slug":"los-casos-de-sarna-en-el-isep-demuestran-un-total-abandono-de-las-instituciones-de-seguridad","status":"publish","type":"post","link":"https:\/\/www.rosarioalerta.com.ar\/site\/archivos\/7355","title":{"rendered":"\u201cLos casos de sarna en el ISeP demuestran un total abandono de las instituciones de Seguridad\u201d"},"content":{"rendered":"\n<p><\/p>\n\n\n\n<p>El diputado radical Juan Cruz \u201cCacu\u201d C\u00e1ndido se refiri\u00f3 los casos que sacuden al instituto de formaci\u00f3n policial e hizo hincapi\u00e9 en la necesidad de proteger la salud de los cadetes.<\/p>\n\n\n\n<p>Tras conocerse p\u00fablicamente que m\u00e1s de 100 cadetes de polic\u00eda se contagiaron de sarna en el Instituto de Seguridad P\u00fablica (ISeP) y que debieron cerrar el establecimiento, al menos por lo que resta de septiembre, con suspensi\u00f3n de clases incluidas, el legislador de la UCR \u2013 Evoluci\u00f3n, Juan Cruz \u201cCacu\u201d C\u00e1ndido, ingres\u00f3 un pedido de informes para conocer el total de los cadetes contagiados y las medidas tomadas a partir de la detecci\u00f3n del primer caso. \u201cEs un papel\u00f3n que deja al descubierto la falta de control, de gesti\u00f3n y de inversi\u00f3n en materia de seguridad p\u00fablica en Santa Fe\u201d afirm\u00f3 el diputado y presidente de la comisi\u00f3n de Seguridad de la c\u00e1mara baja provincial.<\/p>\n\n\n\n<p>Desde el gobierno que conduce Omar Perotti a\u00fan no confirmaron la cantidad de aspirantes policiales contagiados y cifras extraoficiales afirman que ascienden a m\u00e1s de 300 los contagios. \u201cEsto no se explica de otra forma que no sea por el abandono de las instituciones de seguridad p\u00fablica. No es com\u00fan que se generen este tipo de brotes, en general se dan en condiciones de hacinamiento. Es muy grave lo que est\u00e1 pasando y el silencio oficial alimenta las dudas\u201d sentenci\u00f3 el radical.<\/p>\n\n\n\n<p>C\u00e1ndido ingres\u00f3 un pedido en la Legislatura para conocer cada cuanto tiempo se realizan tareas de desinfecci\u00f3n en el edificio; la cantidad de cadetes contagiados; si hubo otras personas contagiadas adem\u00e1s de los cadetes y cu\u00e1ntos; qu\u00e9 tipo de asistencia se le dio a los contagiados, considerando hospedaje, alimentos, vi\u00e1ticos, etc\u00e9tera; qu\u00e9 medidas se tomaron a partir de la detecci\u00f3n de los contagios; y cu\u00e1l es la fecha estimada para retomar las actividades con normalidad en el edificio.<\/p>\n\n\n\n<p>\u201cEl deterioro institucional que gener\u00f3 hasta ac\u00e1 la gesti\u00f3n del peronismo santafesino en materia de formaci\u00f3n, equipamiento, prevenci\u00f3n y lucha contra las mafias nos preocupa sobre todo por lo que viene y por como va a costar recuperar todo lo que se desarticul\u00f3, todo el retroceso que generaron va a llevar tiempo para acomodarlo\u201d remarc\u00f3 C\u00e1ndido al tiempo que afirm\u00f3 \u201ccomo oposici\u00f3n tenemos la responsabilidad de estar encima de estas problem\u00e1ticas pero como integrantes de una alternativa con chances de llegar a la gobernaci\u00f3n con Maximiliano Pullaro ya estamos trabajando de manera responsable en un plan de gobierno para ir a fondo desde el d\u00eda despu\u00e9s de haber ganado las elecciones porque en Santa Fe no hay tiempo para improvisar ni tiempo para perder\u201d.<\/p>\n<div class=\"newspaper-x-tags\"><strong>TAGS: <\/strong><span><a href=\"https:\/\/www.rosarioalerta.com.ar\/site\/archivos\/tag\/inseguridad\" rel=\"tag\">inseguridad<\/a><\/span><a href=\"https:\/\/www.rosarioalerta.com.ar\/site\/archivos\/tag\/perotti\" rel=\"tag\">Perotti<\/a><\/span><a href=\"https:\/\/www.rosarioalerta.com.ar\/site\/archivos\/tag\/rosario\" rel=\"tag\">Rosario<\/a><\/span><a href=\"https:\/\/www.rosarioalerta.com.ar\/site\/archivos\/tag\/santa-fe\" rel=\"tag\">Santa Fe<\/a> <\/div>","protected":false},"excerpt":{"rendered":"<p>El diputado radical Juan Cruz \u201cCacu\u201d C\u00e1ndido se refiri\u00f3 los casos que sacuden al instituto de formaci\u00f3n policial e hizo hincapi\u00e9 en la necesidad de proteger la salud de los cadetes. Tras conocerse p\u00fablicamente que m\u00e1s de 100 cadetes de polic\u00eda se contagiaron de sarna en el Instituto de Seguridad P\u00fablica (ISeP) y que debieron [&hellip;]<\/p>\n","protected":false},"author":2,"featured_media":7356,"comment_status":"open","ping_status":"open","sticky":false,"template":"","format":"standard","meta":{"_joinchat":[],"footnotes":""},"categories":[18,21],"tags":[54,24,55,65],"class_list":["post-7355","post","type-post","status-publish","format-standard","has-post-thumbnail","hentry","category-institucional","category-noticias","tag-inseguridad","tag-perotti","tag-rosario","tag-santa-fe"],"_links":{"self":[{"href":"https:\/\/www.rosarioalerta.com.ar\/site\/wp-json\/wp\/v2\/posts\/7355","targetHints":{"allow":["GET"]}}],"collection":[{"href":"https:\/\/www.rosarioalerta.com.ar\/site\/wp-json\/wp\/v2\/posts"}],"about":[{"href":"https:\/\/www.rosarioalerta.com.ar\/site\/wp-json\/wp\/v2\/types\/post"}],"author":[{"embeddable":true,"href":"https:\/\/www.rosarioalerta.com.ar\/site\/wp-json\/wp\/v2\/users\/2"}],"replies":[{"embeddable":true,"href":"https:\/\/www.rosarioalerta.com.ar\/site\/wp-json\/wp\/v2\/comments?post=7355"}],"version-history":[{"count":1,"href":"https:\/\/www.rosarioalerta.com.ar\/site\/wp-json\/wp\/v2\/posts\/7355\/revisions"}],"predecessor-version":[{"id":7357,"href":"https:\/\/www.rosarioalerta.com.ar\/site\/wp-json\/wp\/v2\/posts\/7355\/revisions\/7357"}],"wp:featuredmedia":[{"embeddable":true,"href":"https:\/\/www.rosarioalerta.com.ar\/site\/wp-json\/wp\/v2\/media\/7356"}],"wp:attachment":[{"href":"https:\/\/www.rosarioalerta.com.ar\/site\/wp-json\/wp\/v2\/media?parent=7355"}],"wp:term":[{"taxonomy":"category","embeddable":true,"href":"https:\/\/www.rosarioalerta.com.ar\/site\/wp-json\/wp\/v2\/categories?post=7355"},{"taxonomy":"post_tag","embeddable":true,"href":"https:\/\/www.rosarioalerta.com.ar\/site\/wp-json\/wp\/v2\/tags?post=7355"}],"curies":[{"name":"wp","href":"https:\/\/api.w.org\/{rel}","templated":true}]}}