{"id":7255,"date":"2022-09-08T21:09:41","date_gmt":"2022-09-09T00:09:41","guid":{"rendered":"https:\/\/www.rosarioalerta.com.ar\/site\/?p=7255"},"modified":"2022-09-08T21:09:43","modified_gmt":"2022-09-09T00:09:43","slug":"citaran-a-la-comision-de-seguridad-al-ministro-rimoldi","status":"publish","type":"post","link":"https:\/\/www.rosarioalerta.com.ar\/site\/archivos\/7255","title":{"rendered":"Citar\u00e1n a la Comisi\u00f3n de Seguridad al ministro Rimoldi"},"content":{"rendered":"\n<p><\/p>\n\n\n\n<p>&nbsp;A un mes de asumir el cargo, as\u00ed fue confirmado por el presidente de la Comisi\u00f3n de Seguridad<\/p>\n\n\n\n<p>Adelantaron que buscan conocer cu\u00e1l es el plan que tiene \u201cpara atender en lo urgente\u201d la situaci\u00f3n de Rosario y otros distritos de la provincia.<\/p>\n\n\n\n<p>Con m\u00e1s de 200 cr\u00edmenes en lo que va del a\u00f1o en Rosario, el 2022 se perfila como el m\u00e1s violento de la historia. A su vez, se registran hechos ins\u00f3litos y de extrema gravedad en materia de inseguridad. En este contexto, y a 30 d\u00edas de asumir la conducci\u00f3n del Ministerio de Seguridad, el comisario retirado <strong>Rub\u00e9n Rimoldi<\/strong> ser\u00e1 citado a la Comisi\u00f3n de Seguridad de la C\u00e1mara de Diputadas y Diputados de Santa Fe, que preside el radical <strong>Juan Cruz \u201cCacu\u201d C\u00e1ndido<\/strong> \u2013 integrante del Bloque UCR Evoluci\u00f3n. \u201cHace un mes que asumi\u00f3 y no conocemos que piensa hacer con la seguridad en la provincia y en las principales ciudades\u201d afirm\u00f3 el legislador.<\/p>\n\n\n\n<p>Rosario super\u00f3 la barrera de los 200 homicidios y, seg\u00fan explicaron los equipos t\u00e9cnicos de seguridad del bloque UCR Evoluci\u00f3n, el 2022 se perfila como el m\u00e1s violento de la historia. Agregaron adem\u00e1s que desde principios de Agosto se viene sucediendo \u2013 en promedio \u2013 un crimen por d\u00eda. \u201cVemos una situaci\u00f3n de total abandono. No hay prevenci\u00f3n, no se ven m\u00f3viles patrullar las calles. Son reiterados los testimonios de v\u00edctimas que llaman al 911 y esperan m\u00e1s de media hora la llegada de un polic\u00eda que los asista\u201d relat\u00f3 C\u00e1ndido.&nbsp;<\/p>\n\n\n\n<p>Por otro lado, el legislador se\u00f1al\u00f3 que \u201cen la ciudad de Santa Fe la situaci\u00f3n de inseguridad, robos, arrebatos y violencia esta descontrolada pese a algunas acciones que fueron fruto de la insistencia de las v\u00edctimas y no como parte de un plan integral para mejorar la seguridad\u201d.<\/p>\n\n\n\n<p>\u201cYa pasaron tres ministros, tres jefes de polic\u00eda de provincia, 10 jefes de unidad regional en Rosario y nada cambia. Creemos que estos son los riesgos de haber subestimado el tema en campa\u00f1a en 2019 y haber asumido sin un plan, sin interiorizarse de lo hecho durante la gesti\u00f3n del ex ministro Pullaro y haber delegado la conducci\u00f3n pol\u00edtica de la seguridad. Necesitamos respuestas urgentes\u201d se\u00f1al\u00f3 el diputado.<\/p>\n\n\n\n<p>La reuni\u00f3n del ministro Rimoldi se realizar\u00e1, en principio, en el anexo de la Legislatura en la ciudad de Santa Fe. \u201cNo conocimos de ninguno de los tres ministros un plan de seguridad para el presente, lo que demuestra que quien no tiene plan es el gobernador Perotti. Queremos saber lo que piensa hacer Rimoldi, porque hasta aqu\u00ed no hemos visto ni escuchado su opini\u00f3n al respecto\u201d.<\/p>\n\n\n\n<p>Por \u00faltimo, C\u00e1ndido se\u00f1al\u00f3 que se est\u00e1n viviendo situaciones ins\u00f3litas como el cierre del Instituto de Seguridad P\u00fablica que tuvo que ser cerrado por \u201ccontagios de sarna\u201d entre los cadetes. \u201cEs total el estado de abandono de las cosas, ni siquiera garantizan condiciones m\u00ednimas de salubridad para los j\u00f3venes que eligen formarse para aportar a la seguridad p\u00fablica\u201d.<\/p>\n<div class=\"newspaper-x-tags\"><strong>TAGS: <\/strong><span><a href=\"https:\/\/www.rosarioalerta.com.ar\/site\/archivos\/tag\/inseguridad\" rel=\"tag\">inseguridad<\/a><\/span><a href=\"https:\/\/www.rosarioalerta.com.ar\/site\/archivos\/tag\/perotti\" rel=\"tag\">Perotti<\/a><\/span><a href=\"https:\/\/www.rosarioalerta.com.ar\/site\/archivos\/tag\/santa-fe\" rel=\"tag\">Santa Fe<\/a> <\/div>","protected":false},"excerpt":{"rendered":"<p>&nbsp;A un mes de asumir el cargo, as\u00ed fue confirmado por el presidente de la Comisi\u00f3n de Seguridad Adelantaron que buscan conocer cu\u00e1l es el plan que tiene \u201cpara atender en lo urgente\u201d la situaci\u00f3n de Rosario y otros distritos de la provincia. Con m\u00e1s de 200 cr\u00edmenes en lo que va del a\u00f1o en [&hellip;]<\/p>\n","protected":false},"author":2,"featured_media":7256,"comment_status":"open","ping_status":"open","sticky":false,"template":"","format":"standard","meta":{"_joinchat":[],"footnotes":""},"categories":[18,21],"tags":[54,24,65],"class_list":["post-7255","post","type-post","status-publish","format-standard","has-post-thumbnail","hentry","category-institucional","category-noticias","tag-inseguridad","tag-perotti","tag-santa-fe"],"_links":{"self":[{"href":"https:\/\/www.rosarioalerta.com.ar\/site\/wp-json\/wp\/v2\/posts\/7255","targetHints":{"allow":["GET"]}}],"collection":[{"href":"https:\/\/www.rosarioalerta.com.ar\/site\/wp-json\/wp\/v2\/posts"}],"about":[{"href":"https:\/\/www.rosarioalerta.com.ar\/site\/wp-json\/wp\/v2\/types\/post"}],"author":[{"embeddable":true,"href":"https:\/\/www.rosarioalerta.com.ar\/site\/wp-json\/wp\/v2\/users\/2"}],"replies":[{"embeddable":true,"href":"https:\/\/www.rosarioalerta.com.ar\/site\/wp-json\/wp\/v2\/comments?post=7255"}],"version-history":[{"count":1,"href":"https:\/\/www.rosarioalerta.com.ar\/site\/wp-json\/wp\/v2\/posts\/7255\/revisions"}],"predecessor-version":[{"id":7257,"href":"https:\/\/www.rosarioalerta.com.ar\/site\/wp-json\/wp\/v2\/posts\/7255\/revisions\/7257"}],"wp:featuredmedia":[{"embeddable":true,"href":"https:\/\/www.rosarioalerta.com.ar\/site\/wp-json\/wp\/v2\/media\/7256"}],"wp:attachment":[{"href":"https:\/\/www.rosarioalerta.com.ar\/site\/wp-json\/wp\/v2\/media?parent=7255"}],"wp:term":[{"taxonomy":"category","embeddable":true,"href":"https:\/\/www.rosarioalerta.com.ar\/site\/wp-json\/wp\/v2\/categories?post=7255"},{"taxonomy":"post_tag","embeddable":true,"href":"https:\/\/www.rosarioalerta.com.ar\/site\/wp-json\/wp\/v2\/tags?post=7255"}],"curies":[{"name":"wp","href":"https:\/\/api.w.org\/{rel}","templated":true}]}}