{"id":6799,"date":"2022-08-10T12:57:09","date_gmt":"2022-08-10T15:57:09","guid":{"rendered":"https:\/\/www.rosarioalerta.com.ar\/site\/?p=6799"},"modified":"2022-08-10T12:57:13","modified_gmt":"2022-08-10T15:57:13","slug":"asumio-el-tercer-ministro-de-seguridad-de-perotti","status":"publish","type":"post","link":"https:\/\/www.rosarioalerta.com.ar\/site\/archivos\/6799","title":{"rendered":"Asumi\u00f3 el tercer ministro de seguridad de Perotti"},"content":{"rendered":"\n<p><\/p>\n\n\n\n<p>Se trata del comisario general Rub\u00e9n Rimoldi, quien ya estaba retirado<\/p>\n\n\n\n<p><strong>Omar Perotti<\/strong>, le tom\u00f3 juramento al nuevo ministro de Seguridad de la provincia, el comisario general <strong>Rub\u00e9n Rimoldi<\/strong>, quien reemplaz\u00f3 al ahora ex ministro <strong>Jorge Lagna<\/strong>. Al inicio del acto, el gobernador salud\u00f3 a la familia del flamante titular de la cartera de Seguridad, tras lo cual afirm\u00f3: \u201cComenzamos una tercera etapa, comenzamos una etapa en un momento complejo para abordar un serio problema estructural que tiene la provincia de Santa Fe\u201d.<\/p>\n\n\n\n<p>\u201cDestacamos el esfuerzo realizado hasta aqu\u00ed por el ex ministro Lagna y la (ex) Jefa de Polic\u00eda (Emilce) Chimenti, y el deseo de que esta etapa nos permita seguir mejorando, nos permita abordar una etapa que nos encuentre con m\u00e1s equipamiento, con m\u00e1s movilidad y m\u00e1s tecnolog\u00eda. Y fundamentalmente que nos encuentre con la necesaria acci\u00f3n concreta que necesitamos en el territorio: restablecer fuertemente la presencia y reacci\u00f3n, mucho trabajo y pocas palabras\u201d, a\u00f1adi\u00f3 el gobernador.<\/p>\n\n\n\n<p>Finalmente, y en este sentido, el gobernador manifest\u00f3: \u201cNecesitamos plenamente el apoyo de la Justicia federal, esto que venimos reclamando lo seguiremos haciendo con insistencia, para que los argentinos tomen este tema como una causa propia, no es un tema de Santa Fe, no es un tema de Rosario, es un tema de todos los argentinos, por eso pedimos que no se la deje sola a la provincia, fundamentalmente por la magnitud de lo que tenemos que enfrentar. Todos tienen algo para aportarle desde la Argentina a la provincia de Santa Fe en este momento\u201d.<\/p>\n\n\n\n<p>Por su parte, al ser consultado por c\u00f3mo va a encarar las acciones desde el Ministerio, Rub\u00e9n Rimoldi destac\u00f3 que \u201clas pol\u00edticas de seguridad que se ven\u00edan llevado a cabo van a continuar, como se estaban haciendo. En la Polic\u00eda vamos a ordenar los mandos de la manera que corresponde y vamos a reestructurar los cuadros para que, en los lugares m\u00e1s \u00e1lgidos, estemos presentes a partir del tiempo que sea necesario. Trabajaremos a partir de ahora en reacomodar los cuadros para volver a poner a la Polic\u00eda en la calle&#8221;.<\/p>\n\n\n\n<p>Finalmente, Rimoldi inform\u00f3 que \u201ctambi\u00e9n he trabajado en otros municipios que no son del partido pol\u00edtico del gobierno actual; estoy en este cargo por mi profesionalidad&#8221;.<\/p>\n\n\n\n<figure class=\"wp-block-embed is-type-video is-provider-youtube wp-block-embed-youtube wp-embed-aspect-16-9 wp-has-aspect-ratio\"><div class=\"wp-block-embed__wrapper\">\n<div class=\"newspaper-x-video-container\"><iframe loading=\"lazy\" title=\"Asumi\u00f3 el tercer ministro de seguridad de Perotti\" width=\"750\" height=\"422\" src=\"https:\/\/www.youtube.com\/embed\/nCaHJKjPq_s?feature=oembed\" frameborder=\"0\" allow=\"accelerometer; autoplay; clipboard-write; encrypted-media; gyroscope; picture-in-picture; web-share\" referrerpolicy=\"strict-origin-when-cross-origin\" allowfullscreen><\/iframe><\/div>\n<\/div><\/figure>\n<div class=\"newspaper-x-tags\"><strong>TAGS: <\/strong><span><a href=\"https:\/\/www.rosarioalerta.com.ar\/site\/archivos\/tag\/inseguridad\" rel=\"tag\">inseguridad<\/a><\/span><a href=\"https:\/\/www.rosarioalerta.com.ar\/site\/archivos\/tag\/noticias-de-rosario\" rel=\"tag\">Noticias de Rosario<\/a><\/span><a href=\"https:\/\/www.rosarioalerta.com.ar\/site\/archivos\/tag\/perotti\" rel=\"tag\">Perotti<\/a><\/span><a href=\"https:\/\/www.rosarioalerta.com.ar\/site\/archivos\/tag\/rosario\" rel=\"tag\">Rosario<\/a><\/span><a href=\"https:\/\/www.rosarioalerta.com.ar\/site\/archivos\/tag\/santa-fe\" rel=\"tag\">Santa Fe<\/a> <\/div>","protected":false},"excerpt":{"rendered":"<p>Se trata del comisario general Rub\u00e9n Rimoldi, quien ya estaba retirado Omar Perotti, le tom\u00f3 juramento al nuevo ministro de Seguridad de la provincia, el comisario general Rub\u00e9n Rimoldi, quien reemplaz\u00f3 al ahora ex ministro Jorge Lagna. Al inicio del acto, el gobernador salud\u00f3 a la familia del flamante titular de la cartera de Seguridad, [&hellip;]<\/p>\n","protected":false},"author":2,"featured_media":6800,"comment_status":"open","ping_status":"open","sticky":false,"template":"","format":"standard","meta":{"_joinchat":[],"footnotes":""},"categories":[18,21],"tags":[54,95,24,55,65],"class_list":["post-6799","post","type-post","status-publish","format-standard","has-post-thumbnail","hentry","category-institucional","category-noticias","tag-inseguridad","tag-noticias-de-rosario","tag-perotti","tag-rosario","tag-santa-fe"],"_links":{"self":[{"href":"https:\/\/www.rosarioalerta.com.ar\/site\/wp-json\/wp\/v2\/posts\/6799","targetHints":{"allow":["GET"]}}],"collection":[{"href":"https:\/\/www.rosarioalerta.com.ar\/site\/wp-json\/wp\/v2\/posts"}],"about":[{"href":"https:\/\/www.rosarioalerta.com.ar\/site\/wp-json\/wp\/v2\/types\/post"}],"author":[{"embeddable":true,"href":"https:\/\/www.rosarioalerta.com.ar\/site\/wp-json\/wp\/v2\/users\/2"}],"replies":[{"embeddable":true,"href":"https:\/\/www.rosarioalerta.com.ar\/site\/wp-json\/wp\/v2\/comments?post=6799"}],"version-history":[{"count":1,"href":"https:\/\/www.rosarioalerta.com.ar\/site\/wp-json\/wp\/v2\/posts\/6799\/revisions"}],"predecessor-version":[{"id":6801,"href":"https:\/\/www.rosarioalerta.com.ar\/site\/wp-json\/wp\/v2\/posts\/6799\/revisions\/6801"}],"wp:featuredmedia":[{"embeddable":true,"href":"https:\/\/www.rosarioalerta.com.ar\/site\/wp-json\/wp\/v2\/media\/6800"}],"wp:attachment":[{"href":"https:\/\/www.rosarioalerta.com.ar\/site\/wp-json\/wp\/v2\/media?parent=6799"}],"wp:term":[{"taxonomy":"category","embeddable":true,"href":"https:\/\/www.rosarioalerta.com.ar\/site\/wp-json\/wp\/v2\/categories?post=6799"},{"taxonomy":"post_tag","embeddable":true,"href":"https:\/\/www.rosarioalerta.com.ar\/site\/wp-json\/wp\/v2\/tags?post=6799"}],"curies":[{"name":"wp","href":"https:\/\/api.w.org\/{rel}","templated":true}]}}