{"id":6792,"date":"2022-08-10T01:41:10","date_gmt":"2022-08-10T04:41:10","guid":{"rendered":"https:\/\/www.rosarioalerta.com.ar\/site\/?p=6792"},"modified":"2022-08-10T01:41:11","modified_gmt":"2022-08-10T04:41:11","slug":"despidieron-a-lagna-y-chimenti","status":"publish","type":"post","link":"https:\/\/www.rosarioalerta.com.ar\/site\/archivos\/6792","title":{"rendered":"Despidieron a Lagna y Chimenti"},"content":{"rendered":"\n<p><\/p>\n\n\n\n<p>Perotti y Corach decidieron que sus cargos sean ocupados por Rimoldi y Oliva<\/p>\n\n\n\n<p>El gobernador de la provincia, sigue improvisando en materia de seguridad, esta tarde le pidi\u00f3 la renuncia a <strong>Jorge Lagna y Emilse Chimenti<\/strong>. Seg\u00fan rumores de pasillos, <strong>Lagna<\/strong>, hab\u00eda presentado la renuncia en reiteradas oportunidades, dado que desde el Ministerio de Hacienda, no liberan los pagos para cumplir con las compras de insumos y herramientas necesarias para llevar adelante los distintos operativos en la ciudad. En su lugar r\u00e1pidamente, entre el Ministro de Gesti\u00f3n; <strong>Marcos Corach<\/strong> y el gobernador, decidieron nombrar a <strong>Rub\u00e9n Diego Jos\u00e9 Rimoldi<\/strong>, quien estuvo en la polic\u00eda durante los a\u00f1os en que la informaci\u00f3n se ocultaba y poco se investigaba, permitiendo crecer el delito a los niveles que hoy tenemos, entre 1978 y 2008 desarroll\u00f3 su carrera como Comisario General, estuvo a cargo de; &nbsp;Seguridad Vial, Inteligencia e investigaci\u00f3n criminal, Operaciones policiales, Armas y explosivos y fue Jefe de Polic\u00eda Departamental. Entre 2008 y 2010, fue Presidente Comisi\u00f3n Deportiva de Federaci\u00f3n de automovilismo de la provincia, entre 2010 y 2015 \u2013 Secretario de Seguridad ciudadana Municipalidad de Casilda (a\u00f1os muy violentos para dicha ciudad). Adem\u00e1s durante esos a\u00f1os, asesoraba a la Liga Casildense de Futbol y a\u00f1os posteriores a la Federaci\u00f3n de automovilismo<br>Seg\u00fan cuenta en su curriculum, estuvo a cargo de la creaci\u00f3n del primer sistema de video vigilancia y del registro y capacitaci\u00f3n para personal de control y permanencia en espect\u00e1culos p\u00fablicos.<br>Conform\u00f3 la primera junta de Protecci\u00f3n Civil en la ciudad de Casilda<br>Desde el 2018 hasta ayer fue asesor en seguridad p\u00fablica de la Municipalidad de Las Parejas<\/p>\n\n\n\n<p>Mientras que el nuevo jefe policial; <strong>Miguel \u00c1ngel Oliva<\/strong>, tuvo a cargo la seguridad de la ciudad de Rosario en la peor \u00e9poca de homicidios, siendo premiado en 2015 con el retiro como Director General de la Polic\u00eda, luego de 30 a\u00f1os de servicios. Fue Jefe de Orden P\u00fablico, Jefe de Investigaciones, Jefe de Homicidios, Jefe de la<br>Brigada Operativa Departamental XVII, Jefe de otras<br>dependencias de Orden P\u00fablico. Se capacit\u00f3 en Se especializ\u00f3 en cursos como sumariante, de FBI, de Gendarmer\u00eda, y de narcotr\u00e1fico dictados por otras fuerzas policiales nacionales. Adem\u00e1s, particip\u00f3 del intercambio de<br>experiencias en seguridad de la Regi\u00f3n Centro (Santa Fe,<br>C\u00f3rdoba, y Entre R\u00edos).<\/p>\n\n\n\n<p>En manos de estas personas est\u00e1 el destino de los santafesinos, auguramos para que tengan un buen mandato, dado que si hacen bien sus labores, tendremos paz y orden<\/p>\n<div class=\"newspaper-x-tags\"><strong>TAGS: <\/strong><span><a href=\"https:\/\/www.rosarioalerta.com.ar\/site\/archivos\/tag\/inseguridad\" rel=\"tag\">inseguridad<\/a><\/span><a href=\"https:\/\/www.rosarioalerta.com.ar\/site\/archivos\/tag\/noticias-de-rosario\" rel=\"tag\">Noticias de Rosario<\/a><\/span><a href=\"https:\/\/www.rosarioalerta.com.ar\/site\/archivos\/tag\/perotti\" rel=\"tag\">Perotti<\/a><\/span><a href=\"https:\/\/www.rosarioalerta.com.ar\/site\/archivos\/tag\/rosario\" rel=\"tag\">Rosario<\/a><\/span><a href=\"https:\/\/www.rosarioalerta.com.ar\/site\/archivos\/tag\/santa-fe\" rel=\"tag\">Santa Fe<\/a> <\/div>","protected":false},"excerpt":{"rendered":"<p>Perotti y Corach decidieron que sus cargos sean ocupados por Rimoldi y Oliva El gobernador de la provincia, sigue improvisando en materia de seguridad, esta tarde le pidi\u00f3 la renuncia a Jorge Lagna y Emilse Chimenti. Seg\u00fan rumores de pasillos, Lagna, hab\u00eda presentado la renuncia en reiteradas oportunidades, dado que desde el Ministerio de Hacienda, [&hellip;]<\/p>\n","protected":false},"author":2,"featured_media":6793,"comment_status":"open","ping_status":"open","sticky":false,"template":"","format":"standard","meta":{"_joinchat":[],"footnotes":""},"categories":[18,21],"tags":[54,95,24,55,65],"class_list":["post-6792","post","type-post","status-publish","format-standard","has-post-thumbnail","hentry","category-institucional","category-noticias","tag-inseguridad","tag-noticias-de-rosario","tag-perotti","tag-rosario","tag-santa-fe"],"_links":{"self":[{"href":"https:\/\/www.rosarioalerta.com.ar\/site\/wp-json\/wp\/v2\/posts\/6792","targetHints":{"allow":["GET"]}}],"collection":[{"href":"https:\/\/www.rosarioalerta.com.ar\/site\/wp-json\/wp\/v2\/posts"}],"about":[{"href":"https:\/\/www.rosarioalerta.com.ar\/site\/wp-json\/wp\/v2\/types\/post"}],"author":[{"embeddable":true,"href":"https:\/\/www.rosarioalerta.com.ar\/site\/wp-json\/wp\/v2\/users\/2"}],"replies":[{"embeddable":true,"href":"https:\/\/www.rosarioalerta.com.ar\/site\/wp-json\/wp\/v2\/comments?post=6792"}],"version-history":[{"count":1,"href":"https:\/\/www.rosarioalerta.com.ar\/site\/wp-json\/wp\/v2\/posts\/6792\/revisions"}],"predecessor-version":[{"id":6794,"href":"https:\/\/www.rosarioalerta.com.ar\/site\/wp-json\/wp\/v2\/posts\/6792\/revisions\/6794"}],"wp:featuredmedia":[{"embeddable":true,"href":"https:\/\/www.rosarioalerta.com.ar\/site\/wp-json\/wp\/v2\/media\/6793"}],"wp:attachment":[{"href":"https:\/\/www.rosarioalerta.com.ar\/site\/wp-json\/wp\/v2\/media?parent=6792"}],"wp:term":[{"taxonomy":"category","embeddable":true,"href":"https:\/\/www.rosarioalerta.com.ar\/site\/wp-json\/wp\/v2\/categories?post=6792"},{"taxonomy":"post_tag","embeddable":true,"href":"https:\/\/www.rosarioalerta.com.ar\/site\/wp-json\/wp\/v2\/tags?post=6792"}],"curies":[{"name":"wp","href":"https:\/\/api.w.org\/{rel}","templated":true}]}}