{"id":6737,"date":"2022-08-06T00:00:05","date_gmt":"2022-08-06T03:00:05","guid":{"rendered":"https:\/\/www.rosarioalerta.com.ar\/site\/?p=6737"},"modified":"2022-08-06T00:00:06","modified_gmt":"2022-08-06T03:00:06","slug":"balearon-a-dos-jovenes-en-villa-gobernador-galvez","status":"publish","type":"post","link":"https:\/\/www.rosarioalerta.com.ar\/site\/archivos\/6737","title":{"rendered":"Balearon a dos j\u00f3venes en Villa Gobernador G\u00e1lvez"},"content":{"rendered":"\n<p><\/p>\n\n\n\n<p>El hermano de una de las v\u00edctimas hab\u00eda sido asesinado este a\u00f1o en el mismo lugar. Tambi\u00e9n atentaron contra una casa<\/p>\n\n\n\n<p>Dos heridos y una casa baleada, dej\u00f3 la tarde de la vecina localidad, cuando pasadas las 19, ingresaron al <strong>Hospital Anselmo Gamen<\/strong>, tras ser v\u00edctimas de sicarios que se desplazaban en moto. La balacera tuvo como escenario, la esquina de <strong>Pav\u00f3n y Pablo VI<\/strong> en <strong>Villa Gobernador G\u00e1lvez<\/strong>, misma direcci\u00f3n donde el pasado 30 de enero asesinaron a <strong><a href=\"https:\/\/www.rosarioalerta.com.ar\/site\/archivos\/3621\" data-type=\"URL\" data-id=\"https:\/\/www.rosarioalerta.com.ar\/site\/archivos\/3621\">Gustavo Daniel Arriola<\/a><\/strong> (<a href=\"https:\/\/www.youtube.com\/watch?v=4N7fdn48sIE\" data-type=\"URL\" data-id=\"https:\/\/www.youtube.com\/watch?v=4N7fdn48sIE\">ver video<\/a>). <strong>Cristian S de 25 y Cristian A de 26 a\u00f1os<\/strong> presentaban heridas de bala en extremidades inferiores, recibiendo curaciones y quedando internados en observaci\u00f3n, fuera de peligro, cabe resaltar que este \u00faltimo es el hermano del joven asesinado en enero<\/p>\n\n\n\n<figure class=\"wp-block-embed is-type-video is-provider-youtube wp-block-embed-youtube wp-embed-aspect-16-9 wp-has-aspect-ratio\"><div class=\"wp-block-embed__wrapper\">\n<div class=\"newspaper-x-video-container\"><iframe loading=\"lazy\" title=\"#VGG Son 25 los cr\u00edmenes que tiene el departamento #Rosario\" width=\"750\" height=\"422\" src=\"https:\/\/www.youtube.com\/embed\/4N7fdn48sIE?feature=oembed\" frameborder=\"0\" allow=\"accelerometer; autoplay; clipboard-write; encrypted-media; gyroscope; picture-in-picture; web-share\" referrerpolicy=\"strict-origin-when-cross-origin\" allowfullscreen><\/iframe><\/div>\n<\/div><figcaption><em>Crimen de Arriola en Enero del 2022<\/em><\/figcaption><\/figure>\n\n\n\n<p>De la escena secuestraron vainas servidas de grueso calibre y las actuaciones recayeron en la <strong>Comisar\u00eda 26\u00ba<\/strong><\/p>\n\n\n\n<p>\u2026<strong>mientras tanto<\/strong>\u2026 en <strong>Bomberos Voluntarios al 2400<\/strong>, una joven de 31 a\u00f1os denunci\u00f3 que dejaron una nota amenazante; <strong><em>\u201ctenes 24 horas para dejar la casa\u201d<\/em><\/strong> seguido a esto, efectuaron disparos contra la vivienda. No hubo heridos, solo da\u00f1os materiales y vainas servidas<\/p>\n\n\n\n<p>Tambi\u00e9n el caso es investigado por la <strong>seccional 26\u00ba<\/strong><\/p>\n<div class=\"newspaper-x-tags\"><strong>TAGS: <\/strong><span><a href=\"https:\/\/www.rosarioalerta.com.ar\/site\/archivos\/tag\/balaceras\" rel=\"tag\">Balaceras<\/a><\/span><a href=\"https:\/\/www.rosarioalerta.com.ar\/site\/archivos\/tag\/inseguridad\" rel=\"tag\">inseguridad<\/a><\/span><a href=\"https:\/\/www.rosarioalerta.com.ar\/site\/archivos\/tag\/noticias-de-vgg\" rel=\"tag\">Noticias de VGG<\/a><\/span><a href=\"https:\/\/www.rosarioalerta.com.ar\/site\/archivos\/tag\/perotti\" rel=\"tag\">Perotti<\/a><\/span><a href=\"https:\/\/www.rosarioalerta.com.ar\/site\/archivos\/tag\/santa-fe\" rel=\"tag\">Santa Fe<\/a><\/span><a href=\"https:\/\/www.rosarioalerta.com.ar\/site\/archivos\/tag\/vgg\" rel=\"tag\">VGG<\/a> <\/div>","protected":false},"excerpt":{"rendered":"<p>El hermano de una de las v\u00edctimas hab\u00eda sido asesinado este a\u00f1o en el mismo lugar. Tambi\u00e9n atentaron contra una casa Dos heridos y una casa baleada, dej\u00f3 la tarde de la vecina localidad, cuando pasadas las 19, ingresaron al Hospital Anselmo Gamen, tras ser v\u00edctimas de sicarios que se desplazaban en moto. La balacera [&hellip;]<\/p>\n","protected":false},"author":2,"featured_media":5125,"comment_status":"open","ping_status":"open","sticky":false,"template":"","format":"standard","meta":{"_joinchat":[],"footnotes":""},"categories":[15,17,66,21,14],"tags":[68,54,94,24,65,60],"class_list":["post-6737","post","type-post","status-publish","format-standard","has-post-thumbnail","hentry","category-balaceras","category-heridos","category-inseguridad","category-noticias","category-policiales","tag-balaceras","tag-inseguridad","tag-noticias-de-vgg","tag-perotti","tag-santa-fe","tag-vgg"],"_links":{"self":[{"href":"https:\/\/www.rosarioalerta.com.ar\/site\/wp-json\/wp\/v2\/posts\/6737","targetHints":{"allow":["GET"]}}],"collection":[{"href":"https:\/\/www.rosarioalerta.com.ar\/site\/wp-json\/wp\/v2\/posts"}],"about":[{"href":"https:\/\/www.rosarioalerta.com.ar\/site\/wp-json\/wp\/v2\/types\/post"}],"author":[{"embeddable":true,"href":"https:\/\/www.rosarioalerta.com.ar\/site\/wp-json\/wp\/v2\/users\/2"}],"replies":[{"embeddable":true,"href":"https:\/\/www.rosarioalerta.com.ar\/site\/wp-json\/wp\/v2\/comments?post=6737"}],"version-history":[{"count":1,"href":"https:\/\/www.rosarioalerta.com.ar\/site\/wp-json\/wp\/v2\/posts\/6737\/revisions"}],"predecessor-version":[{"id":6738,"href":"https:\/\/www.rosarioalerta.com.ar\/site\/wp-json\/wp\/v2\/posts\/6737\/revisions\/6738"}],"wp:featuredmedia":[{"embeddable":true,"href":"https:\/\/www.rosarioalerta.com.ar\/site\/wp-json\/wp\/v2\/media\/5125"}],"wp:attachment":[{"href":"https:\/\/www.rosarioalerta.com.ar\/site\/wp-json\/wp\/v2\/media?parent=6737"}],"wp:term":[{"taxonomy":"category","embeddable":true,"href":"https:\/\/www.rosarioalerta.com.ar\/site\/wp-json\/wp\/v2\/categories?post=6737"},{"taxonomy":"post_tag","embeddable":true,"href":"https:\/\/www.rosarioalerta.com.ar\/site\/wp-json\/wp\/v2\/tags?post=6737"}],"curies":[{"name":"wp","href":"https:\/\/api.w.org\/{rel}","templated":true}]}}