{"id":6592,"date":"2022-07-27T09:06:31","date_gmt":"2022-07-27T12:06:31","guid":{"rendered":"https:\/\/www.rosarioalerta.com.ar\/site\/?p=6592"},"modified":"2022-07-27T09:06:32","modified_gmt":"2022-07-27T12:06:32","slug":"identificaron-al-joven-acribillado-en-zona-sur","status":"publish","type":"post","link":"https:\/\/www.rosarioalerta.com.ar\/site\/archivos\/6592","title":{"rendered":"Identificaron al joven acribillado en zona sur"},"content":{"rendered":"\n<p><\/p>\n\n\n\n<p>De la escena recogieron m\u00e1s de una docena de vainas servidas<\/p>\n\n\n\n<p>En las primeras horas de la madrugada de este mi\u00e9rcoles, una terrible balacera fue desatada en <strong>Ceibo al 1400<\/strong>, donde ultimaron de m\u00faltiples disparos en un pasillo a <strong>Nicol\u00e1s Insaurralde de 25 a\u00f1os<\/strong>.<\/p>\n\n\n\n<p>La v\u00edctima falleci\u00f3 en el lugar y el caso es investigado por el <strong>Dr \u00c1vila de la Unidad de Homicidio Dolosos<\/strong><\/p>\n\n\n\n<p class=\"has-text-align-center\"><strong>Son 160 los cr\u00edmenes que tiene el departamento Rosario, solo 19 son los casos del mes de julio<\/strong><\/p>\n<div class=\"newspaper-x-tags\"><strong>TAGS: <\/strong><span><a href=\"https:\/\/www.rosarioalerta.com.ar\/site\/archivos\/tag\/balaceras\" rel=\"tag\">Balaceras<\/a><\/span><a href=\"https:\/\/www.rosarioalerta.com.ar\/site\/archivos\/tag\/homicidio\" rel=\"tag\">Homicidio<\/a><\/span><a href=\"https:\/\/www.rosarioalerta.com.ar\/site\/archivos\/tag\/inseguridad\" rel=\"tag\">inseguridad<\/a><\/span><a href=\"https:\/\/www.rosarioalerta.com.ar\/site\/archivos\/tag\/noticias-de-rosario\" rel=\"tag\">Noticias de Rosario<\/a><\/span><a href=\"https:\/\/www.rosarioalerta.com.ar\/site\/archivos\/tag\/perotti\" rel=\"tag\">Perotti<\/a><\/span><a href=\"https:\/\/www.rosarioalerta.com.ar\/site\/archivos\/tag\/rosario\" rel=\"tag\">Rosario<\/a><\/span><a href=\"https:\/\/www.rosarioalerta.com.ar\/site\/archivos\/tag\/santa-fe\" rel=\"tag\">Santa Fe<\/a> <\/div>","protected":false},"excerpt":{"rendered":"<p>De la escena recogieron m\u00e1s de una docena de vainas servidas En las primeras horas de la madrugada de este mi\u00e9rcoles, una terrible balacera fue desatada en Ceibo al 1400, donde ultimaron de m\u00faltiples disparos en un pasillo a Nicol\u00e1s Insaurralde de 25 a\u00f1os. La v\u00edctima falleci\u00f3 en el lugar y el caso es investigado [&hellip;]<\/p>\n","protected":false},"author":2,"featured_media":4469,"comment_status":"open","ping_status":"open","sticky":false,"template":"","format":"standard","meta":{"_joinchat":[],"footnotes":""},"categories":[15,17,6,66,21,14],"tags":[68,117,54,95,24,55,65],"class_list":["post-6592","post","type-post","status-publish","format-standard","has-post-thumbnail","hentry","category-balaceras","category-heridos","category-homicidios","category-inseguridad","category-noticias","category-policiales","tag-balaceras","tag-homicidio","tag-inseguridad","tag-noticias-de-rosario","tag-perotti","tag-rosario","tag-santa-fe"],"_links":{"self":[{"href":"https:\/\/www.rosarioalerta.com.ar\/site\/wp-json\/wp\/v2\/posts\/6592","targetHints":{"allow":["GET"]}}],"collection":[{"href":"https:\/\/www.rosarioalerta.com.ar\/site\/wp-json\/wp\/v2\/posts"}],"about":[{"href":"https:\/\/www.rosarioalerta.com.ar\/site\/wp-json\/wp\/v2\/types\/post"}],"author":[{"embeddable":true,"href":"https:\/\/www.rosarioalerta.com.ar\/site\/wp-json\/wp\/v2\/users\/2"}],"replies":[{"embeddable":true,"href":"https:\/\/www.rosarioalerta.com.ar\/site\/wp-json\/wp\/v2\/comments?post=6592"}],"version-history":[{"count":1,"href":"https:\/\/www.rosarioalerta.com.ar\/site\/wp-json\/wp\/v2\/posts\/6592\/revisions"}],"predecessor-version":[{"id":6593,"href":"https:\/\/www.rosarioalerta.com.ar\/site\/wp-json\/wp\/v2\/posts\/6592\/revisions\/6593"}],"wp:featuredmedia":[{"embeddable":true,"href":"https:\/\/www.rosarioalerta.com.ar\/site\/wp-json\/wp\/v2\/media\/4469"}],"wp:attachment":[{"href":"https:\/\/www.rosarioalerta.com.ar\/site\/wp-json\/wp\/v2\/media?parent=6592"}],"wp:term":[{"taxonomy":"category","embeddable":true,"href":"https:\/\/www.rosarioalerta.com.ar\/site\/wp-json\/wp\/v2\/categories?post=6592"},{"taxonomy":"post_tag","embeddable":true,"href":"https:\/\/www.rosarioalerta.com.ar\/site\/wp-json\/wp\/v2\/tags?post=6592"}],"curies":[{"name":"wp","href":"https:\/\/api.w.org\/{rel}","templated":true}]}}