{"id":657,"date":"2021-08-10T21:38:45","date_gmt":"2021-08-11T00:38:45","guid":{"rendered":"https:\/\/www.rosarioalerta.com.ar\/site\/?p=657"},"modified":"2021-08-10T21:38:48","modified_gmt":"2021-08-11T00:38:48","slug":"sain-uso-dos-poderes-del-estado","status":"publish","type":"post","link":"https:\/\/www.rosarioalerta.com.ar\/site\/archivos\/657","title":{"rendered":"Sa\u00edn us\u00f3 dos poderes del Estado"},"content":{"rendered":"\n<h1 class=\"wp-block-heading\">Por \u00a0CONI CHEREP @ocherep<\/h1>\n\n\n\n<p>La presentaci\u00f3n de la Auditora del MPA, Maria Cecilia Vrenecih, en la Comisi\u00f3n de Acuerdos de la Legislatura santafesina dej\u00f3 una certeza : Marcelo Sa\u00edn, mientras ocupaba su cargo de Ministro de Seguridad de Omar Perotti, se sirvi\u00f3 de manera irregular, del material generado por los fiscales en causas donde no ten\u00eda ninguna injerencia. Lo hizo a trav\u00e9s de su incondicional amiga y Jefa del Departamento de inteligencia de la Zona Sur, del mismo MPA, D\u00e9bora Cotichini.<\/p>\n\n\n\n<p>Las afirmaciones de la Auditora no dejaron dudas: Cotichini le enviaba a Sa\u00edn, informaci\u00f3n que nunca debi\u00f3 salir del organismo y el propio Sa\u00edn, la uso para distribuirla entre periodistas que la hicieron p\u00fablicas en medios santafesinos y en la TV porte\u00f1a. Las acciones de Cotichini son investigadas por el \u00f3rgano disciplinario del MPA, y seguir\u00e1n en ese escenario.<\/p>\n\n\n\n<p id=\"inline-ad-0\">Entonces, las razones que llevaron a Vrenecich a presentar la documental ante a comisi\u00f3n son otras y expl\u00edcitas: le corresponde a la legislatura la investigaci\u00f3n de las acciones del ex ministro, quien mantiene su cargo en el MPA abrazado a un recurso de amparo que le dict\u00f3 una jueza laboral rosarina y al que se allanaron inexplicablemente, el gobernador Omar Perotti y el Fiscal de Estado, Rub\u00e9n Weder. El fallo de la jueza est\u00e1 siendo revisado por la Corte Suprema de Justicia, y las primeras filtraciones desde el Palacio de Justicia, indican que ser\u00e1 revocado, dejando libre la v\u00eda para que Sa\u00edn sea suspendido de su cargo en los pr\u00f3ximos d\u00edas.<\/p>\n\n\n\n<p>Pero m\u00e1s all\u00e1 de los formalismos y los vericuetos jur\u00eddicos, en Santa Fe se termina comprobando lo veniamos afirmando en estas p\u00e1ginas desde hace m\u00e1s de un a\u00f1o y medio: el entonces Ministro de Seguridad de la Provincia de Santa Fe no s\u00f3lo no puso en marcha ning\u00fan plan para amortiguar los niveles de violencia y organizaci\u00f3n criminal en la provincia durante su gesti\u00f3n, sino que dedic\u00f3 gran parte de su tiempo a perseguir a adversarios pol\u00edticos, periodistas y a sus propios compa\u00f1eros de gabinete, con el objetivo de tener un control policial sobre ellos, y de ese modo \u00abavanzar\u00bb sobre las cajas que no manejaban y obsesionan al gobernador Perotti: los recursos de la legislatura.<\/p>\n\n\n\n<p>Queda claro una cosa: Perotti, a trav\u00e9s de su ministro utiliz\u00f3 dos poderes del Estado de manera discrecional, para extorsionar y avanzar sobre el que no controlaba. <strong>El Ministro y sus empleados del MPA, utilizaron de manera ilegal, material que los fiscales generaban l\u00edcitamente. NADIE SABE SI LOS FISCALES CONOCIAN O NO ESTAS PR\u00c1CTICAS, pero en las pr\u00f3ximas horas se esperan nuevos testimonios que pueden aclarar el tema y algo m\u00e1s: probar otros delitos que se podr\u00edan haber cometido<\/strong>. Para el pr\u00f3ximo martes se espera la declaraci\u00f3n en la Comisi\u00f3n de Victor Moloeznik, el funcionario que reemplaz\u00f3 a Sa\u00edn durante su licencia para ser Ministro y que seg\u00fan apuntan algunas fuentes del propio MPA, fue uno de los que inform\u00f3 de las irregularidades cometidas por Cotichini, a la auditora.<\/p>\n\n\n\n<p><strong><u>Por otra parte, y aunque visto a la distancia parece una obviedad, Sa\u00edn se empecin\u00f3 \u2013 con la fiel colaboraci\u00f3n de algunos fiscales y de un nutrido n\u00famero de periodistas pagados por los gastos reservados ( que nunca rindi\u00f3 ni Perotti permiti\u00f3 que se rindieran) en causas que podr\u00edan denominarse como \u00abaccesorias\u00bb en plano del delito provincial<\/u><\/strong>. De golpe, el \u00abJuego Ilegal\u00bb pas\u00f3 a ser el enemigo n\u00famero 1 de la gesti\u00f3n de Sa\u00edn. Y mientras se avanzaba sobre los presuntos \u00abjefes\u00bb del delito, iban limpiando el territorio para un negocio que la justicia penal santafesina \u2013 en especial, la Fiscal de delitos complejos de Santa Fe Mariela Jimenez, demora en investigar: la entrega por decreto y por 15 a\u00f1os, de la explotaci\u00f3n del juego on line , a las empresas que explotan los casinos en la provincia. <strong>La decisi\u00f3n de Perotti fue por decreto, cuando era materia exclusiva de la legislatura, y distingue a la Provincia como la \u00fanica que no regul\u00f3 por ley un negocio suculento que algunos especialistas, calculan de decenas de miles de millones de pesos anuales.<\/strong><\/p>\n\n\n\n<p>No se debe olvidar que Sa\u00edn se cans\u00f3 de descalificar a los funcionarios policiales, a los que acus\u00f3 de ser \u00abla policia de Uganda\u00bb y de los que dijo despectivamente, sin ninguna intervenci\u00f3n del INADI, que eran \u00abnegritos brutos del norte, porque los rubios del sur, no son policias\u00bb<\/p>\n\n\n\n<p><strong>Mientras todo eso ocurr\u00eda, el gobierno de Perotti y las gestiones de seguridad de Sa\u00edn y su endeble sucesor, Jorge Lagna, no produjeron ninguna acci\u00f3n concreta contra el narcotr\u00e1fico, dejaron crecer exponencialmente el delito en la calle, permitieron el crecimiento de la curva de homicidios ( que hab\u00eda descendido notablemente en los tres a\u00f1os anteriores a la asunci\u00f3n del gobernador Perotti) y produjeron un \u00abdesmadre\u00bb en la Policia Provincial, con una \u00abcama\u00bb grosera al ex jefe de la Policia Victor Sarnaglia<\/strong>, que se tuvo que ir de la gesti\u00f3n por acusaciones nunca probadas y que deriv\u00f3 en un gran enojo de todos los oficiales superiores de la fuerza.<\/p>\n\n\n\n<p><strong>Algunas intervenciones period\u00edsticas asiladas, mostraron en las chacaritas de las jefaturas regionales, decenas de autos policiales modelos 2018 y 2019, abandonados en Rosario, Rafaela y Santa Fe. Los policias insisten en la ausencia de \u00f3rdenes y en la falta de organizaci\u00f3n y recursos para combatir al delito.<\/strong><\/p>\n\n\n\n<p>En las \u00faltimas horas, Rosario y Santa Fe fueron testigos de hechos de violencias cinematogr\u00e1ficos, como la balacera a una concesionaria en avenida Rondeau con fines extorsivos. Ese mismo d\u00eda, Lagna confes\u00f3 en una radio santafesina \u00bb que estaba preocupado por el regreso del p\u00fablico al f\u00fatbol\u00bb. Un bot\u00f3n que refleja el estado de cosas.<\/p>\n\n\n\n<p><strong>Sa\u00edn, con la imprescindible colaboraci\u00f3n y ayuda del gobernador Perotti \u2013 que utiliz\u00f3 su discurso de asunci\u00f3n para descalificar a su antecesor presente ,Miguel Lifschitz, para anunciar que \u00abvenian a desarticular el vinculo de la politica con el delito\u00bb.<\/strong> Con el dominio pleno del poder ejecutivo y el uso irregular de buena parte del MPA, <strong>NUNCA PROBARON UN S\u00d3LO DELITO COMETIDO POR SUS ANTECESORES, NI UNO S\u00d3LO<\/strong>. Pero se cansaron de repetir que exist\u00edan, bajo la vieja l\u00f3gica del \u00abmiente que algo queda\u00bb.<\/p>\n\n\n\n<p>Casi dos a\u00f1os despu\u00e9s de asumir, en Santa Fe s\u00f3lo creci\u00f3 el delito, aumentaron los homicidios y las bandas que hab\u00edan sido desarticuladas y apresadas, organizan desde adentro de los penales santafesinos cr\u00edmenes y extorsiones. Afuera, sus ramificaciones volvieron a tomar el poder de la calle, y los soldaditos volvieron a discutir el territorio a balazos.<\/p>\n\n\n\n<p><strong>Lo \u00fanico que cambi\u00f3 respecto a la pol\u00edtica, es que aparecieron los aprietes, las operaciones mediaticas y los carpetazos contra todos aquellos que osaron ponerse adelante de las ambiciones del gobernador<\/strong>. Una ambici\u00f3n que se aceler\u00f3 con la muerte de Miguel Lifschitz, y que se propuso llevar por delante a la mism\u00edsima divisi\u00f3n de poderes. Sa\u00edn y Perotti si, consiguieron romper con la ejemplar institucionalidad que funcionaba en Santa Fe, donde al tres gobiernos socialistas y radicales, pudieron gobernar siempre con una o ambas c\u00e1maras manejadas por la oposici\u00f3n.<\/p>\n\n\n\n<p>Ahora, ya no se trata de una opini\u00f3n. Ahora se trata de una acusaci\u00f3n concreta nacida de una investigaci\u00f3n del propio Ministerio Fiscal de la Acusaci\u00f3n. Y los pasos a seguir por la institucionalidad santafesina son obligatorios: Sa\u00edn debe ser suspendido, debe ser destituido y suspendido para ejercer la funci\u00f3n p\u00fablica. Y si cabe, porque es muy probable que aparezcan razones y pruebas, debe ser imputado y si cabe, condenado por varios delitos cometidos en sus cargos en el Estado.<\/p>\n\n\n\n<figure class=\"wp-block-embed is-type-rich is-provider-twitter wp-block-embed-twitter\"><div class=\"wp-block-embed__wrapper\">\n<div class=\"newspaper-x-video-container\"><blockquote class=\"twitter-tweet\" data-width=\"550\" data-dnt=\"true\"><p lang=\"es\" dir=\"ltr\">Sa\u00edn us\u00f3 dos poderes del Estado para avanzar sobre el tercero. \u00bfPerotti lo sab\u00eda? La Auditora lo dej\u00f3 claro. La Corte debe decidir sobre el amparo y dar via libre a la destituci\u00f3n de Sa\u00edn. El gobernador en serios problemas <a href=\"https:\/\/t.co\/k1ON2RKnXN\">https:\/\/t.co\/k1ON2RKnXN<\/a><\/p>&mdash; CONI CHEREP\ud83c\udf99 (@ocherep) <a href=\"https:\/\/twitter.com\/ocherep\/status\/1425237223113469952?ref_src=twsrc%5Etfw\">August 10, 2021<\/a><\/blockquote><script async src=\"https:\/\/platform.twitter.com\/widgets.js\" charset=\"utf-8\"><\/script><\/div>\n<\/div><\/figure>\n\n\n\n<p>Lo otro, lo estrictamente pol\u00edtico, le cabe a Perotti. El gobernador podr\u00e1 estar \u00abamparado\u00bb en la interna del Peronismo, por Alberto y Cristina, pero en la Provincia, tendr\u00e1 que dar explicaciones de lo actuado por su Ministro, incluso, dicen, poniendo en riesgo su cargo. Algo parece saber, y le da sentido a su candidatura a Senador suplente de Marcelo Lewandowski: si este triunfa en las PASO y obtiene el segundo lugar en las generales, le dar\u00e1 el salvoconducto al rafaelino para escudarse en los fueros.<\/p>\n\n\n\n<p>Es una historia por escribir, pero permitanme la soberbia: todo lo que dijimos aqu\u00ed, se fue descubriendo d\u00eda a d\u00eda. Tenemos razones para pensar que la continuidad de la historia, ser\u00e1 bastante parecida a la que escribimos hoy.<\/p>\n<div class=\"newspaper-x-tags\"><strong>TAGS: <\/strong><span><a href=\"https:\/\/www.rosarioalerta.com.ar\/site\/archivos\/tag\/inseguridad\" rel=\"tag\">inseguridad<\/a><\/span><a href=\"https:\/\/www.rosarioalerta.com.ar\/site\/archivos\/tag\/perotti\" rel=\"tag\">Perotti<\/a><\/span><a href=\"https:\/\/www.rosarioalerta.com.ar\/site\/archivos\/tag\/santa-fe\" rel=\"tag\">Santa Fe<\/a> <\/div>","protected":false},"excerpt":{"rendered":"<p>Por \u00a0CONI CHEREP @ocherep La presentaci\u00f3n de la Auditora del MPA, Maria Cecilia Vrenecih, en la Comisi\u00f3n de Acuerdos de la Legislatura santafesina dej\u00f3 una certeza : Marcelo Sa\u00edn, mientras ocupaba su cargo de Ministro de Seguridad de Omar Perotti, se sirvi\u00f3 de manera irregular, del material generado por los fiscales en causas donde no [&hellip;]<\/p>\n","protected":false},"author":1,"featured_media":658,"comment_status":"closed","ping_status":"open","sticky":false,"template":"","format":"standard","meta":{"_joinchat":[],"footnotes":""},"categories":[18,21],"tags":[54,24,65],"class_list":["post-657","post","type-post","status-publish","format-standard","has-post-thumbnail","hentry","category-institucional","category-noticias","tag-inseguridad","tag-perotti","tag-santa-fe"],"_links":{"self":[{"href":"https:\/\/www.rosarioalerta.com.ar\/site\/wp-json\/wp\/v2\/posts\/657","targetHints":{"allow":["GET"]}}],"collection":[{"href":"https:\/\/www.rosarioalerta.com.ar\/site\/wp-json\/wp\/v2\/posts"}],"about":[{"href":"https:\/\/www.rosarioalerta.com.ar\/site\/wp-json\/wp\/v2\/types\/post"}],"author":[{"embeddable":true,"href":"https:\/\/www.rosarioalerta.com.ar\/site\/wp-json\/wp\/v2\/users\/1"}],"replies":[{"embeddable":true,"href":"https:\/\/www.rosarioalerta.com.ar\/site\/wp-json\/wp\/v2\/comments?post=657"}],"version-history":[{"count":1,"href":"https:\/\/www.rosarioalerta.com.ar\/site\/wp-json\/wp\/v2\/posts\/657\/revisions"}],"predecessor-version":[{"id":659,"href":"https:\/\/www.rosarioalerta.com.ar\/site\/wp-json\/wp\/v2\/posts\/657\/revisions\/659"}],"wp:featuredmedia":[{"embeddable":true,"href":"https:\/\/www.rosarioalerta.com.ar\/site\/wp-json\/wp\/v2\/media\/658"}],"wp:attachment":[{"href":"https:\/\/www.rosarioalerta.com.ar\/site\/wp-json\/wp\/v2\/media?parent=657"}],"wp:term":[{"taxonomy":"category","embeddable":true,"href":"https:\/\/www.rosarioalerta.com.ar\/site\/wp-json\/wp\/v2\/categories?post=657"},{"taxonomy":"post_tag","embeddable":true,"href":"https:\/\/www.rosarioalerta.com.ar\/site\/wp-json\/wp\/v2\/tags?post=657"}],"curies":[{"name":"wp","href":"https:\/\/api.w.org\/{rel}","templated":true}]}}