{"id":6542,"date":"2022-07-22T06:54:20","date_gmt":"2022-07-22T09:54:20","guid":{"rendered":"https:\/\/www.rosarioalerta.com.ar\/site\/?p=6542"},"modified":"2022-07-22T09:12:32","modified_gmt":"2022-07-22T12:12:32","slug":"un-adolescente-esta-grave-tras-ser-baleado-3","status":"publish","type":"post","link":"https:\/\/www.rosarioalerta.com.ar\/site\/archivos\/6542","title":{"rendered":"Un adolescente est\u00e1 grave tras ser baleado"},"content":{"rendered":"\n<p><\/p>\n\n\n\n<p>A\u00fan se investigan los motivos de la agresi\u00f3n, pero la v\u00edctima lucha por su vida<\/p>\n\n\n\n<p>En horas de la madrugada, ingresa trasladado por el <strong>SIES<\/strong> desde el <strong>Hospital Alberdi,<\/strong> hacia el <strong>Hospital Eva Per\u00f3n<\/strong>, un adolescente de 16 a\u00f1os, quien aparentemente presentaba una fractura en cr\u00e1neo por ca\u00edda de altura, adem\u00e1s los profesionales agregaron que estaba ebrio o bajo los efectos de alg\u00fan estupefaciente. Tras realizar los primeros estudios, establecieron que presentaba un disparo en la cabeza. La bala estaba alojada en el interior de su cr\u00e1neo, quedando internado en la sala de terapia intensiva con pron\u00f3stico reservado<\/p>\n\n\n\n<p>\u2026<strong>mientras tanto<\/strong>\u2026 en <strong>Roullion al 2700<\/strong>, un joven de 19 a\u00f1os era agredido a balazos. Ingresa al <strong>Hospital de Emergencias Clemente \u00c1lvarez (HECA)<\/strong> con una herida de bala en el miembro inferior izquierdo y otra en la regi\u00f3n abdominal, quedando internado en observaci\u00f3n<\/p>\n\n\n\n<p>\u2026<strong>finalmente<\/strong>\u2026 en <strong>Hern\u00e1ndez Moreno al 2500<\/strong>, en la zona norte de Rosario, fue baleado en la madrugada un hombre de 37 a\u00f1os. Seg\u00fan la denuncia, la v\u00edctima iba caminando, cuando es abordado por dos sujetos que se desplazaban en moto y sin mediar palabra le efectuaron varios disparos. Fue asistido por el <strong>SIES<\/strong> y trasladado al <strong>Hospital<\/strong> <strong>Eva Per\u00f3n<\/strong> con una herida por arma de fuego en el miembro inferior izquierdo, con orificio de entrada sin salida, quedando en observaci\u00f3n, fuera de peligro<\/p>\n<div class=\"newspaper-x-tags\"><strong>TAGS: <\/strong><span><a href=\"https:\/\/www.rosarioalerta.com.ar\/site\/archivos\/tag\/balaceras\" rel=\"tag\">Balaceras<\/a><\/span><a href=\"https:\/\/www.rosarioalerta.com.ar\/site\/archivos\/tag\/inseguridad\" rel=\"tag\">inseguridad<\/a><\/span><a href=\"https:\/\/www.rosarioalerta.com.ar\/site\/archivos\/tag\/noticias-de-rosario\" rel=\"tag\">Noticias de Rosario<\/a><\/span><a href=\"https:\/\/www.rosarioalerta.com.ar\/site\/archivos\/tag\/perotti\" rel=\"tag\">Perotti<\/a><\/span><a href=\"https:\/\/www.rosarioalerta.com.ar\/site\/archivos\/tag\/rosario\" rel=\"tag\">Rosario<\/a><\/span><a href=\"https:\/\/www.rosarioalerta.com.ar\/site\/archivos\/tag\/santa-fe\" rel=\"tag\">Santa Fe<\/a> <\/div>","protected":false},"excerpt":{"rendered":"<p>A\u00fan se investigan los motivos de la agresi\u00f3n, pero la v\u00edctima lucha por su vida En horas de la madrugada, ingresa trasladado por el SIES desde el Hospital Alberdi, hacia el Hospital Eva Per\u00f3n, un adolescente de 16 a\u00f1os, quien aparentemente presentaba una fractura en cr\u00e1neo por ca\u00edda de altura, adem\u00e1s los profesionales agregaron que [&hellip;]<\/p>\n","protected":false},"author":2,"featured_media":1076,"comment_status":"open","ping_status":"open","sticky":false,"template":"","format":"standard","meta":{"_joinchat":[],"footnotes":""},"categories":[15,17,66,21,14],"tags":[68,54,95,24,55,65],"class_list":["post-6542","post","type-post","status-publish","format-standard","has-post-thumbnail","hentry","category-balaceras","category-heridos","category-inseguridad","category-noticias","category-policiales","tag-balaceras","tag-inseguridad","tag-noticias-de-rosario","tag-perotti","tag-rosario","tag-santa-fe"],"_links":{"self":[{"href":"https:\/\/www.rosarioalerta.com.ar\/site\/wp-json\/wp\/v2\/posts\/6542","targetHints":{"allow":["GET"]}}],"collection":[{"href":"https:\/\/www.rosarioalerta.com.ar\/site\/wp-json\/wp\/v2\/posts"}],"about":[{"href":"https:\/\/www.rosarioalerta.com.ar\/site\/wp-json\/wp\/v2\/types\/post"}],"author":[{"embeddable":true,"href":"https:\/\/www.rosarioalerta.com.ar\/site\/wp-json\/wp\/v2\/users\/2"}],"replies":[{"embeddable":true,"href":"https:\/\/www.rosarioalerta.com.ar\/site\/wp-json\/wp\/v2\/comments?post=6542"}],"version-history":[{"count":2,"href":"https:\/\/www.rosarioalerta.com.ar\/site\/wp-json\/wp\/v2\/posts\/6542\/revisions"}],"predecessor-version":[{"id":6544,"href":"https:\/\/www.rosarioalerta.com.ar\/site\/wp-json\/wp\/v2\/posts\/6542\/revisions\/6544"}],"wp:featuredmedia":[{"embeddable":true,"href":"https:\/\/www.rosarioalerta.com.ar\/site\/wp-json\/wp\/v2\/media\/1076"}],"wp:attachment":[{"href":"https:\/\/www.rosarioalerta.com.ar\/site\/wp-json\/wp\/v2\/media?parent=6542"}],"wp:term":[{"taxonomy":"category","embeddable":true,"href":"https:\/\/www.rosarioalerta.com.ar\/site\/wp-json\/wp\/v2\/categories?post=6542"},{"taxonomy":"post_tag","embeddable":true,"href":"https:\/\/www.rosarioalerta.com.ar\/site\/wp-json\/wp\/v2\/tags?post=6542"}],"curies":[{"name":"wp","href":"https:\/\/api.w.org\/{rel}","templated":true}]}}