{"id":6459,"date":"2022-07-17T10:57:42","date_gmt":"2022-07-17T13:57:42","guid":{"rendered":"https:\/\/www.rosarioalerta.com.ar\/site\/?p=6459"},"modified":"2022-07-17T10:57:42","modified_gmt":"2022-07-17T13:57:42","slug":"esta-grave-una-joven-herida-de-bala","status":"publish","type":"post","link":"https:\/\/www.rosarioalerta.com.ar\/site\/archivos\/6459","title":{"rendered":"Est\u00e1 grave una joven herida de bala"},"content":{"rendered":"\n<p><\/p>\n\n\n\n<p>No fue el \u00fanico caso, otra fue atacada en un hecho de robo<\/p>\n\n\n\n<p>En horas de la madrugada personal del <strong>SIES<\/strong> asisti\u00f3 a una mujer de 30 a\u00f1os que fue atacada a balazos por motivos que se ignoran cuando estaba lejos de su casa, en cercan\u00edas de <strong>Jos\u00e9 Mar\u00eda Rosas y Forest<\/strong>. La trasladaron al <strong>Hospital de Emergencias Clemente \u00c1lvarez (HECA)<\/strong> con m\u00faltiples heridas de bala; en t\u00f3rax y abdomen, siendo su estado de salud grave.<\/p>\n\n\n\n<p>\u2026<strong>mientras tanto<\/strong>\u2026 al <strong>Hospital Provincial<\/strong>, ingresa una jovencita de 18 a\u00f1os con una herida de bala en mano y cadera. Seg\u00fan la v\u00edctima, se encontraba en cercan\u00edas de <strong>Convenci\u00f3n y 24 de Septiembre<\/strong>, cuando es abordada por delincuentes armados que le sustraen su celular y efectuaron un disparo lesion\u00e1ndola en las partes mencionadas. Si bien los profesionales de la salud, remarcaron que se encuentra fuera de peligro, qued\u00f3 internada en observaci\u00f3n para estudios complementarios<\/p>\n<div class=\"newspaper-x-tags\"><strong>TAGS: <\/strong><span><a href=\"https:\/\/www.rosarioalerta.com.ar\/site\/archivos\/tag\/balaceras\" rel=\"tag\">Balaceras<\/a><\/span><a href=\"https:\/\/www.rosarioalerta.com.ar\/site\/archivos\/tag\/inseguridad\" rel=\"tag\">inseguridad<\/a><\/span><a href=\"https:\/\/www.rosarioalerta.com.ar\/site\/archivos\/tag\/noticias-de-rosario\" rel=\"tag\">Noticias de Rosario<\/a><\/span><a href=\"https:\/\/www.rosarioalerta.com.ar\/site\/archivos\/tag\/perotti\" rel=\"tag\">Perotti<\/a><\/span><a href=\"https:\/\/www.rosarioalerta.com.ar\/site\/archivos\/tag\/rosario\" rel=\"tag\">Rosario<\/a><\/span><a href=\"https:\/\/www.rosarioalerta.com.ar\/site\/archivos\/tag\/santa-fe\" rel=\"tag\">Santa Fe<\/a> <\/div>","protected":false},"excerpt":{"rendered":"<p>No fue el \u00fanico caso, otra fue atacada en un hecho de robo En horas de la madrugada personal del SIES asisti\u00f3 a una mujer de 30 a\u00f1os que fue atacada a balazos por motivos que se ignoran cuando estaba lejos de su casa, en cercan\u00edas de Jos\u00e9 Mar\u00eda Rosas y Forest. La trasladaron al [&hellip;]<\/p>\n","protected":false},"author":2,"featured_media":1886,"comment_status":"open","ping_status":"open","sticky":false,"template":"","format":"standard","meta":{"_joinchat":[],"footnotes":""},"categories":[15,17,66,21,14,2],"tags":[68,54,95,24,55,65],"class_list":["post-6459","post","type-post","status-publish","format-standard","has-post-thumbnail","hentry","category-balaceras","category-heridos","category-inseguridad","category-noticias","category-policiales","category-robos","tag-balaceras","tag-inseguridad","tag-noticias-de-rosario","tag-perotti","tag-rosario","tag-santa-fe"],"_links":{"self":[{"href":"https:\/\/www.rosarioalerta.com.ar\/site\/wp-json\/wp\/v2\/posts\/6459","targetHints":{"allow":["GET"]}}],"collection":[{"href":"https:\/\/www.rosarioalerta.com.ar\/site\/wp-json\/wp\/v2\/posts"}],"about":[{"href":"https:\/\/www.rosarioalerta.com.ar\/site\/wp-json\/wp\/v2\/types\/post"}],"author":[{"embeddable":true,"href":"https:\/\/www.rosarioalerta.com.ar\/site\/wp-json\/wp\/v2\/users\/2"}],"replies":[{"embeddable":true,"href":"https:\/\/www.rosarioalerta.com.ar\/site\/wp-json\/wp\/v2\/comments?post=6459"}],"version-history":[{"count":1,"href":"https:\/\/www.rosarioalerta.com.ar\/site\/wp-json\/wp\/v2\/posts\/6459\/revisions"}],"predecessor-version":[{"id":6460,"href":"https:\/\/www.rosarioalerta.com.ar\/site\/wp-json\/wp\/v2\/posts\/6459\/revisions\/6460"}],"wp:featuredmedia":[{"embeddable":true,"href":"https:\/\/www.rosarioalerta.com.ar\/site\/wp-json\/wp\/v2\/media\/1886"}],"wp:attachment":[{"href":"https:\/\/www.rosarioalerta.com.ar\/site\/wp-json\/wp\/v2\/media?parent=6459"}],"wp:term":[{"taxonomy":"category","embeddable":true,"href":"https:\/\/www.rosarioalerta.com.ar\/site\/wp-json\/wp\/v2\/categories?post=6459"},{"taxonomy":"post_tag","embeddable":true,"href":"https:\/\/www.rosarioalerta.com.ar\/site\/wp-json\/wp\/v2\/tags?post=6459"}],"curies":[{"name":"wp","href":"https:\/\/api.w.org\/{rel}","templated":true}]}}