{"id":6234,"date":"2022-06-29T12:32:28","date_gmt":"2022-06-29T15:32:28","guid":{"rendered":"https:\/\/www.rosarioalerta.com.ar\/site\/?p=6234"},"modified":"2022-06-29T12:36:22","modified_gmt":"2022-06-29T15:36:22","slug":"sigue-el-papelon-en-el-ministerio-de-seguridad","status":"publish","type":"post","link":"https:\/\/www.rosarioalerta.com.ar\/site\/archivos\/6234","title":{"rendered":"Sigue el papel\u00f3n en el Ministerio de Seguridad"},"content":{"rendered":"\n<p><\/p>\n\n\n\n<p>Tras el pol\u00e9mico viaje a C\u00f3rdoba, renunci\u00f3 el Sub Jefe de Polic\u00eda<\/p>\n\n\n\n<p>El fin de semana largo hab\u00eda viajado el <strong>Sub Jefe de la polic\u00eda de Santa Fe<\/strong>, <strong>Diego Germ\u00e1n Gonz\u00e1lez<\/strong>, junto a su familia en una pick up oficial. Tras darse a conocer esto, el ministro <strong>Jorge Lagna<\/strong>, sali\u00f3 al cruce de los medios, manifestando que <em>\u201ccumpl\u00eda funciones que no se pueden divulgar&#8221;<\/em><\/p>\n\n\n\n<p>Pero anoche hubo una reuni\u00f3n clave en la casa de gobierno y a primera hora de este mi\u00e9rcoles, emiti\u00f3 la renuncia <strong>Gonz\u00e1lez<\/strong>, quien habr\u00eda realizado un cuestionado viaje a <strong>C\u00f3rdoba<\/strong>, supuestamente para llevar a su familia a presenciar el espect\u00e1culo del <strong>Dj Cat\u00e1neo<\/strong> durante el fin de semana largo. Por el momento no designaron a nadie, al igual que a cargo del Servicio Penitenciario que permanece ac\u00e9falo<\/p>\n\n\n\n<figure class=\"wp-block-embed is-type-video is-provider-youtube wp-block-embed-youtube wp-embed-aspect-16-9 wp-has-aspect-ratio\"><div class=\"wp-block-embed__wrapper\">\n<div class=\"newspaper-x-video-container\"><iframe loading=\"lazy\" title=\"\u00bfCaso cerrado?: Renunci\u00f3 el subjefe de la polic\u00eda\" width=\"750\" height=\"422\" src=\"https:\/\/www.youtube.com\/embed\/RS3A15DgIIo?feature=oembed\" frameborder=\"0\" allow=\"accelerometer; autoplay; clipboard-write; encrypted-media; gyroscope; picture-in-picture; web-share\" referrerpolicy=\"strict-origin-when-cross-origin\" allowfullscreen><\/iframe><\/div>\n<\/div><\/figure>\n<div class=\"newspaper-x-tags\"><strong>TAGS: <\/strong><span><a href=\"https:\/\/www.rosarioalerta.com.ar\/site\/archivos\/tag\/inseguridad\" rel=\"tag\">inseguridad<\/a><\/span><a href=\"https:\/\/www.rosarioalerta.com.ar\/site\/archivos\/tag\/perotti\" rel=\"tag\">Perotti<\/a><\/span><a href=\"https:\/\/www.rosarioalerta.com.ar\/site\/archivos\/tag\/santa-fe\" rel=\"tag\">Santa Fe<\/a> <\/div>","protected":false},"excerpt":{"rendered":"<p>Tras el pol\u00e9mico viaje a C\u00f3rdoba, renunci\u00f3 el Sub Jefe de Polic\u00eda El fin de semana largo hab\u00eda viajado el Sub Jefe de la polic\u00eda de Santa Fe, Diego Germ\u00e1n Gonz\u00e1lez, junto a su familia en una pick up oficial. Tras darse a conocer esto, el ministro Jorge Lagna, sali\u00f3 al cruce de los medios, [&hellip;]<\/p>\n","protected":false},"author":2,"featured_media":6235,"comment_status":"open","ping_status":"open","sticky":false,"template":"","format":"standard","meta":{"_joinchat":[],"footnotes":""},"categories":[18,21],"tags":[54,24,65],"class_list":["post-6234","post","type-post","status-publish","format-standard","has-post-thumbnail","hentry","category-institucional","category-noticias","tag-inseguridad","tag-perotti","tag-santa-fe"],"_links":{"self":[{"href":"https:\/\/www.rosarioalerta.com.ar\/site\/wp-json\/wp\/v2\/posts\/6234","targetHints":{"allow":["GET"]}}],"collection":[{"href":"https:\/\/www.rosarioalerta.com.ar\/site\/wp-json\/wp\/v2\/posts"}],"about":[{"href":"https:\/\/www.rosarioalerta.com.ar\/site\/wp-json\/wp\/v2\/types\/post"}],"author":[{"embeddable":true,"href":"https:\/\/www.rosarioalerta.com.ar\/site\/wp-json\/wp\/v2\/users\/2"}],"replies":[{"embeddable":true,"href":"https:\/\/www.rosarioalerta.com.ar\/site\/wp-json\/wp\/v2\/comments?post=6234"}],"version-history":[{"count":2,"href":"https:\/\/www.rosarioalerta.com.ar\/site\/wp-json\/wp\/v2\/posts\/6234\/revisions"}],"predecessor-version":[{"id":6237,"href":"https:\/\/www.rosarioalerta.com.ar\/site\/wp-json\/wp\/v2\/posts\/6234\/revisions\/6237"}],"wp:featuredmedia":[{"embeddable":true,"href":"https:\/\/www.rosarioalerta.com.ar\/site\/wp-json\/wp\/v2\/media\/6235"}],"wp:attachment":[{"href":"https:\/\/www.rosarioalerta.com.ar\/site\/wp-json\/wp\/v2\/media?parent=6234"}],"wp:term":[{"taxonomy":"category","embeddable":true,"href":"https:\/\/www.rosarioalerta.com.ar\/site\/wp-json\/wp\/v2\/categories?post=6234"},{"taxonomy":"post_tag","embeddable":true,"href":"https:\/\/www.rosarioalerta.com.ar\/site\/wp-json\/wp\/v2\/tags?post=6234"}],"curies":[{"name":"wp","href":"https:\/\/api.w.org\/{rel}","templated":true}]}}