{"id":6180,"date":"2022-06-25T09:27:24","date_gmt":"2022-06-25T12:27:24","guid":{"rendered":"https:\/\/www.rosarioalerta.com.ar\/site\/?p=6180"},"modified":"2022-06-25T09:27:26","modified_gmt":"2022-06-25T12:27:26","slug":"no-hay-decision-para-controlar-lo-que-pasa-en-las-carceles","status":"publish","type":"post","link":"https:\/\/www.rosarioalerta.com.ar\/site\/archivos\/6180","title":{"rendered":"\u201dNo hay decisi\u00f3n para controlar lo que pasa en las c\u00e1rceles\u201d"},"content":{"rendered":"\n<p><\/p>\n\n\n\n<p>Los diputados provinciales <strong>Maxi Pullaro y Juan Cruz C\u00e1ndido<\/strong> junto a su par en el <strong>Congreso Nacional, Gabriel Chumpitaz<\/strong>, explicaron los alcances de un proyecto de ley para obligar al gobierno a implementar un r\u00e9gimen especial que endurezca las condiciones de detenidos de alto perfil.<\/p>\n\n\n\n<p>Ante las evidentes y cada vez m\u00e1s notorias fallas en los controles a detenidos que siguen cometiendo delitos dentro de las c\u00e1rceles los diputados provinciales Maximiliano Pullaro y Juan Cruz C\u00e1ndido, junto a varios legisladores de la UCR y el PRO presentaron una iniciativa de ley que establece normas de trato b\u00e1sicas aplicables a los reclusos de alto perfil.<\/p>\n\n\n\n<p>\u201cQueremos darle fuerza de ley a una modalidad que comenzamos a implementar en la gesti\u00f3n de Maxi Pullaro, luego que fueron siendo detenidos los jefes de las grandes bandas criminales, y que no fue continuada por este gobierno como hubiera sido necesario\u201d, sostuvo C\u00e1ndido explicando las razones de la propuesta. El ex ministro y ahora presidente del bloque radical, Maximiliano Pullaro, entiende que \u201cla cuesti\u00f3n penitenciaria es una de las grandes fallas de este gobierno: no tienen ni plan ni conducci\u00f3n para las c\u00e1rceles y eso se nota en la gran cantidad de delitos altamente lesivos, balaceras, extorsiones que est\u00e1n orquestados desde adentro de las c\u00e1rceles, por eso tenemos que poner todas las herramientas a nuestro alcance para que el Estado recupere el control penitenciario y de los presos de alto perfil\u201d.<\/p>\n\n\n\n<p>\u201cPodemos volver a contener la crisis de violencia y retomar la curva descendiente de los delitos, pero eso implica tomar el toro por las astas y ponerse encima de los problemas, no para comentarlos sino para trabajar 24&#215;7 para resolverlos\u201d, concluy\u00f3 Pullaro.<\/p>\n\n\n\n<p>Por su parte Gabriel Chumpitaz expres\u00f3 \u201cEste proyecto viene a ordenar jur\u00eddica y legalmente a una situaci\u00f3n que tiene que estar abordada o solucionada por un gobierno provincial que ha demostrado no solo impericia en t\u00e9rminos de Seguridad. No entendemos la primera decisi\u00f3n que tom\u00f3 el gobierno de Perotti de arrancar el Servicio Penitenciario de la \u00f3rbita del Ministerio de Seguridad y lo traslad\u00f3 al de Gobierno, que adem\u00e1s estuvo varios meses sin ministro\u201d, y a\u00f1adi\u00f3, \u201cHablando en t\u00e9rminos t\u00e9cnicos y profesionales rompieron la l\u00ednea de inteligencia criminal que debe existir entre el control de calle policial y el control penitenciario. Esa actitud extra\u00f1a del gobierno de Omar Perotti, desencadena en los hechos que hoy estamos viviendo con el agravante que, el resto de los ejes de Seguridad tambi\u00e9n se encuentran colapsados como la Justicia y la Polic\u00eda. Adem\u00e1s, agrego un dato preocupante mas. En un semestre del 2022 los homicidios van a alcanzar la misma cifra de todo el a\u00f1o 2019 junto\u201d.<\/p>\n\n\n\n<p>El proyecto, que lleva tambi\u00e9n la firma de la diputada provincial Ximena Sola; tiene como antecedente el r\u00e9gimen adoptado durante la gesti\u00f3n de Pullaro en el gobierno de Miguel Lifschitz. Plantea un r\u00e9gimen especial de detenci\u00f3n para aquellas personas que tengan participaci\u00f3n o contacto relevante con organizaciones criminales complejas y\/o ligadas al narcotr\u00e1fico, haya indicios sobre su participaci\u00f3n directa o indirecta en atentados, actos de fuerza, agresi\u00f3n o amenaza hacia los poderes p\u00fablicos; tengan&nbsp;&nbsp; antecedentes de evasi\u00f3n, atentado o resistencia a la autoridad policial o penitenciaria, participaci\u00f3n en mot\u00edn o tumulto; o cuenten con&nbsp; recursos humanos, econ\u00f3micos, financieros, materiales, log\u00edsticos o de cualquier otro tipo que les permitan realizar las acciones mencionadas.<\/p>\n\n\n\n<p>Pullaro y C\u00e1ndido, quienes un momento antes mantuvieron una reuni\u00f3n con el diputado nacional Federico Angelini para coordinar un proyecto similar a nivel federal desde el Congreso nacional, proponen que para ese tipo de detenidos haya condiciones m\u00e1s estrictas de detenci\u00f3n y mayores restricciones. Para esto deber\u00e1n ser alojados en celdas individuales, patio individual con enrejado o mallado completo; inhibici\u00f3n de se\u00f1al celular, de internet y de radiofrecuencia y personal de custodia debidamente seleccionado y entrenado.<\/p>\n\n\n\n<p>La norma que promueven los legisladores tambi\u00e9n dispone las condiciones en las que debe trabajar el personal penitenciario que tenga a cargo a estos detenidos de alto perfil y reglas para la visita, tanto regulares como en los casos donde el detenido es sancionado por infringir normas de conducta, donde se limitan a\u00fan m\u00e1s este tipo de encuentros. Tambi\u00e9n se propone la modalidad en la que se deber\u00e1n hacer los traslados en los casos en que se autoricen.<\/p>\n\n\n\n<p>El expediente parlamentario, que ingres\u00f3 semanas atr\u00e1s a la C\u00e1mara de Diputados y Diputadas -y comenzar\u00e1 esta semana su tratamiento en comisiones- autoriza al Poder Ejecutivo a construir dos establecimientos especializados en reclusos de alto perfil y a actualizar y revisar los convenios con el Estado Nacional para los presos federales.<\/p>\n<div class=\"newspaper-x-tags\"><strong>TAGS: <\/strong><span><a href=\"https:\/\/www.rosarioalerta.com.ar\/site\/archivos\/tag\/inseguridad\" rel=\"tag\">inseguridad<\/a><\/span><a href=\"https:\/\/www.rosarioalerta.com.ar\/site\/archivos\/tag\/perotti\" rel=\"tag\">Perotti<\/a><\/span><a href=\"https:\/\/www.rosarioalerta.com.ar\/site\/archivos\/tag\/rosario\" rel=\"tag\">Rosario<\/a><\/span><a href=\"https:\/\/www.rosarioalerta.com.ar\/site\/archivos\/tag\/santa-fe\" rel=\"tag\">Santa Fe<\/a> <\/div>","protected":false},"excerpt":{"rendered":"<p>Los diputados provinciales Maxi Pullaro y Juan Cruz C\u00e1ndido junto a su par en el Congreso Nacional, Gabriel Chumpitaz, explicaron los alcances de un proyecto de ley para obligar al gobierno a implementar un r\u00e9gimen especial que endurezca las condiciones de detenidos de alto perfil. Ante las evidentes y cada vez m\u00e1s notorias fallas en [&hellip;]<\/p>\n","protected":false},"author":2,"featured_media":6181,"comment_status":"open","ping_status":"open","sticky":false,"template":"","format":"standard","meta":{"_joinchat":[],"footnotes":""},"categories":[18,21],"tags":[54,24,55,65],"class_list":["post-6180","post","type-post","status-publish","format-standard","has-post-thumbnail","hentry","category-institucional","category-noticias","tag-inseguridad","tag-perotti","tag-rosario","tag-santa-fe"],"_links":{"self":[{"href":"https:\/\/www.rosarioalerta.com.ar\/site\/wp-json\/wp\/v2\/posts\/6180","targetHints":{"allow":["GET"]}}],"collection":[{"href":"https:\/\/www.rosarioalerta.com.ar\/site\/wp-json\/wp\/v2\/posts"}],"about":[{"href":"https:\/\/www.rosarioalerta.com.ar\/site\/wp-json\/wp\/v2\/types\/post"}],"author":[{"embeddable":true,"href":"https:\/\/www.rosarioalerta.com.ar\/site\/wp-json\/wp\/v2\/users\/2"}],"replies":[{"embeddable":true,"href":"https:\/\/www.rosarioalerta.com.ar\/site\/wp-json\/wp\/v2\/comments?post=6180"}],"version-history":[{"count":1,"href":"https:\/\/www.rosarioalerta.com.ar\/site\/wp-json\/wp\/v2\/posts\/6180\/revisions"}],"predecessor-version":[{"id":6182,"href":"https:\/\/www.rosarioalerta.com.ar\/site\/wp-json\/wp\/v2\/posts\/6180\/revisions\/6182"}],"wp:featuredmedia":[{"embeddable":true,"href":"https:\/\/www.rosarioalerta.com.ar\/site\/wp-json\/wp\/v2\/media\/6181"}],"wp:attachment":[{"href":"https:\/\/www.rosarioalerta.com.ar\/site\/wp-json\/wp\/v2\/media?parent=6180"}],"wp:term":[{"taxonomy":"category","embeddable":true,"href":"https:\/\/www.rosarioalerta.com.ar\/site\/wp-json\/wp\/v2\/categories?post=6180"},{"taxonomy":"post_tag","embeddable":true,"href":"https:\/\/www.rosarioalerta.com.ar\/site\/wp-json\/wp\/v2\/tags?post=6180"}],"curies":[{"name":"wp","href":"https:\/\/api.w.org\/{rel}","templated":true}]}}