{"id":6154,"date":"2022-06-23T09:07:08","date_gmt":"2022-06-23T12:07:08","guid":{"rendered":"https:\/\/www.rosarioalerta.com.ar\/site\/?p=6154"},"modified":"2022-06-23T09:07:09","modified_gmt":"2022-06-23T12:07:09","slug":"perotti-es-debil-y-no-puede-defender-a-la-provincia","status":"publish","type":"post","link":"https:\/\/www.rosarioalerta.com.ar\/site\/archivos\/6154","title":{"rendered":"\u201cPerotti es d\u00e9bil y no puede defender a la Provincia\u201d"},"content":{"rendered":"\n<p><\/p>\n\n\n\n<p>\u201cCaos de camiones en las rutas, falta de gasoil, ciudades amenazadas por la inseguridad y por la falta de colectivos. Parece una pel\u00edcula apocal\u00edptica, pero es el gobierno de Omar Perotti y su tibieza para reclamar lo que le corresponde a los santafesinos\u201d.<\/p>\n\n\n\n<p>La frase es del diputado de <strong>Juntos por el Cambio Maxi Pullaro<\/strong> y la pronunci\u00f3 este mi\u00e9rcoles por la ma\u00f1ana mientras los camioneros sal\u00edan a cortar las rutas en protesta por la falta de gasoil. La manifestaci\u00f3n es el corolario de una serie de eventos que, en opini\u00f3n del legislador, podr\u00eda decirse que comenz\u00f3 con la votaci\u00f3n de la baja en el corte de biodiesel: \u201cLo que no permite paliar el d\u00e9ficit al que hoy nos enfrentamos y que puede causar desabastecimiento, p\u00e9rdida de cosecha y obviamente una profundizaci\u00f3n en la crisis inflacionaria en la que estamos metidos\u201d, se\u00f1al\u00f3 Pullaro.<\/p>\n\n\n\n<p>En Julio del a\u00f1o pasado el Congreso sancion\u00f3 la Ley 27640 para reducir el porcentaje obligatorio de biocombustibles. Esto signific\u00f3 sacarle producci\u00f3n a empresas santafesinas y aumentar el rendimiento de las provincias petroleras. \u201cParad\u00f3jicamente, los legisladores del Frente de Todos que representan a Santa Fe votaron a favor de esa reducci\u00f3n en contra de la industria de su propia provincia\u201d, explic\u00f3 el legislador de Juntos por el Cambio.<\/p>\n\n\n\n<figure class=\"wp-block-image size-large\"><img loading=\"lazy\" decoding=\"async\" width=\"1024\" height=\"576\" src=\"https:\/\/www.rosarioalerta.com.ar\/site\/wp-content\/uploads\/2022\/06\/pullaro-1024x576.jpg\" alt=\"\" class=\"wp-image-6156\" srcset=\"https:\/\/www.rosarioalerta.com.ar\/site\/wp-content\/uploads\/2022\/06\/pullaro-1024x576.jpg 1024w, https:\/\/www.rosarioalerta.com.ar\/site\/wp-content\/uploads\/2022\/06\/pullaro-300x169.jpg 300w, https:\/\/www.rosarioalerta.com.ar\/site\/wp-content\/uploads\/2022\/06\/pullaro-768x432.jpg 768w, https:\/\/www.rosarioalerta.com.ar\/site\/wp-content\/uploads\/2022\/06\/pullaro-1536x864.jpg 1536w, https:\/\/www.rosarioalerta.com.ar\/site\/wp-content\/uploads\/2022\/06\/pullaro-696x392.jpg 696w, https:\/\/www.rosarioalerta.com.ar\/site\/wp-content\/uploads\/2022\/06\/pullaro-1068x601.jpg 1068w, https:\/\/www.rosarioalerta.com.ar\/site\/wp-content\/uploads\/2022\/06\/pullaro-747x420.jpg 747w, https:\/\/www.rosarioalerta.com.ar\/site\/wp-content\/uploads\/2022\/06\/pullaro.jpg 1920w\" sizes=\"auto, (max-width: 1024px) 100vw, 1024px\" \/><\/figure>\n\n\n\n<p>\u201cHace unos d\u00edas anunciaban como una victoria la suba del corte a 7,5% cuando ellos mismos la bajaron a 5% y saben muy bien que se puede elevar hasta el 15% o 20% sin problemas. Esto generar\u00eda mayor ingreso de divisas a la provincia; pero prefieren obedecer a su jefa pol\u00edtica antes que defender a los santafesinos. As\u00ed es el kirchnerismo\u201d, fustig\u00f3 con dureza Pullaro quien sum\u00f3 m\u00e1s cr\u00edticas refiri\u00e9ndose al peligro de corte del servicio en el transporte de pasajeros en las grandes ciudades y a la Seguridad, el caballito de batalla de Omar Perotti, para ser electo gobernador.<\/p>\n\n\n\n<p>\u201cPerotti parece el meme del perro grande y el perro chico. Cuando quer\u00eda que lo eligieran gobernador era el m\u00e1s bravo; cuando lo eligieron, se transform\u00f3 en un chihuahua que ladra de lejos. El gobierno nacional escatima los recursos para el transporte, el destacamento de gendarmer\u00eda que iba a estar operativo en febrero no sabemos si va a estar en Julio, el ministro de Seguridad de la Naci\u00f3n no pis\u00f3 Santa Fe, la provincia m\u00e1s violenta del pa\u00eds, desde que asumi\u00f3. \u00bfQu\u00e9 hacen Perotti y sus funcionarios? Protestan por las redes o me contestan a m\u00ed. \u00bfLe tienen miedo a Cristina? \u00bfDefienden a los barones del conurbano y a los que administran la pobreza en Buenos Aires? \u00a1Exijan Se\u00f1ores! Defiendan a los vecinos que para eso los votaron hace 3 a\u00f1os\u201d, cerr\u00f3 enf\u00e1tico.<\/p>\n<div class=\"newspaper-x-tags\"><strong>TAGS: <\/strong><span><a href=\"https:\/\/www.rosarioalerta.com.ar\/site\/archivos\/tag\/inseguridad\" rel=\"tag\">inseguridad<\/a><\/span><a href=\"https:\/\/www.rosarioalerta.com.ar\/site\/archivos\/tag\/perotti\" rel=\"tag\">Perotti<\/a><\/span><a href=\"https:\/\/www.rosarioalerta.com.ar\/site\/archivos\/tag\/rosario\" rel=\"tag\">Rosario<\/a><\/span><a href=\"https:\/\/www.rosarioalerta.com.ar\/site\/archivos\/tag\/santa-fe\" rel=\"tag\">Santa Fe<\/a> <\/div>","protected":false},"excerpt":{"rendered":"<p>\u201cCaos de camiones en las rutas, falta de gasoil, ciudades amenazadas por la inseguridad y por la falta de colectivos. Parece una pel\u00edcula apocal\u00edptica, pero es el gobierno de Omar Perotti y su tibieza para reclamar lo que le corresponde a los santafesinos\u201d. La frase es del diputado de Juntos por el Cambio Maxi Pullaro [&hellip;]<\/p>\n","protected":false},"author":2,"featured_media":6155,"comment_status":"open","ping_status":"open","sticky":false,"template":"","format":"standard","meta":{"_joinchat":[],"footnotes":""},"categories":[66,18,21],"tags":[54,24,55,65],"class_list":["post-6154","post","type-post","status-publish","format-standard","has-post-thumbnail","hentry","category-inseguridad","category-institucional","category-noticias","tag-inseguridad","tag-perotti","tag-rosario","tag-santa-fe"],"_links":{"self":[{"href":"https:\/\/www.rosarioalerta.com.ar\/site\/wp-json\/wp\/v2\/posts\/6154","targetHints":{"allow":["GET"]}}],"collection":[{"href":"https:\/\/www.rosarioalerta.com.ar\/site\/wp-json\/wp\/v2\/posts"}],"about":[{"href":"https:\/\/www.rosarioalerta.com.ar\/site\/wp-json\/wp\/v2\/types\/post"}],"author":[{"embeddable":true,"href":"https:\/\/www.rosarioalerta.com.ar\/site\/wp-json\/wp\/v2\/users\/2"}],"replies":[{"embeddable":true,"href":"https:\/\/www.rosarioalerta.com.ar\/site\/wp-json\/wp\/v2\/comments?post=6154"}],"version-history":[{"count":1,"href":"https:\/\/www.rosarioalerta.com.ar\/site\/wp-json\/wp\/v2\/posts\/6154\/revisions"}],"predecessor-version":[{"id":6157,"href":"https:\/\/www.rosarioalerta.com.ar\/site\/wp-json\/wp\/v2\/posts\/6154\/revisions\/6157"}],"wp:featuredmedia":[{"embeddable":true,"href":"https:\/\/www.rosarioalerta.com.ar\/site\/wp-json\/wp\/v2\/media\/6155"}],"wp:attachment":[{"href":"https:\/\/www.rosarioalerta.com.ar\/site\/wp-json\/wp\/v2\/media?parent=6154"}],"wp:term":[{"taxonomy":"category","embeddable":true,"href":"https:\/\/www.rosarioalerta.com.ar\/site\/wp-json\/wp\/v2\/categories?post=6154"},{"taxonomy":"post_tag","embeddable":true,"href":"https:\/\/www.rosarioalerta.com.ar\/site\/wp-json\/wp\/v2\/tags?post=6154"}],"curies":[{"name":"wp","href":"https:\/\/api.w.org\/{rel}","templated":true}]}}