{"id":6125,"date":"2022-06-21T07:23:46","date_gmt":"2022-06-21T10:23:46","guid":{"rendered":"https:\/\/www.rosarioalerta.com.ar\/site\/?p=6125"},"modified":"2022-06-21T07:23:47","modified_gmt":"2022-06-21T10:23:47","slug":"los-gritos-no-sirven-ante-esta-crisis-necesitamos-union-y-decision","status":"publish","type":"post","link":"https:\/\/www.rosarioalerta.com.ar\/site\/archivos\/6125","title":{"rendered":"\u201cLos gritos no sirven, ante esta crisis necesitamos uni\u00f3n y decisi\u00f3n\u201d"},"content":{"rendered":"\n<p><\/p>\n\n\n\n<p>\u201cRosario precisa que la Argentina la defienda con todo lo que tiene. Nos merecemos poder caminar, estudiar, trabajar y crecer en paz\u201d, dijo el intendente en el acto por el d\u00eda de la Bandera<\/p>\n\n\n\n<p>El intendente Pablo Javkin, encabez\u00f3 el izamiento de la bandera por el 202\u00ba aniversario del fallecimiento del general Manuel Belgrano. Durante la actividad, llevada a cabo al pie del m\u00e1stil mayor del Monumento, se destac\u00f3 la presencia de ex soldados combatientes en Malvinas provenientes de distintos puntos del pa\u00eds, en el marco del 40\u00b0 aniversario del inicio de la guerra, quienes recibieron la m\u00e1s destacada ovaci\u00f3n de la jornada, con el emotivo aplauso de las y los presentes.<\/p>\n\n\n\n<p>Luego del emotivo toque de trompeta, ejecutado por Omar Tabarez, veterano de guerra oriundo de Concepci\u00f3n del Uruguay (Entre R\u00edos), hizo uso de la palabra el intendente, en un sentido mensaje que pronunci\u00f3 al celebrar el D\u00eda de la Bandera.<\/p>\n\n\n\n<p>El titular del Ejecutivo municipal destac\u00f3 la presencia de los ex combatientes de Malvinas, quienes portaron la ense\u00f1a patria y remarc\u00f3 que &#8220;Un d\u00eda como hoy, hace 210 a\u00f1os, Don Manuel Belgrano vino a hacer patria a la vera del Paran\u00e1. Eligi\u00f3 el caser\u00edo del Pago de los Arroyos, y se inspir\u00f3 en los colores del cielo para que Mar\u00eda Catalina Echavarr\u00eda y un grupo de mujeres confeccionar\u00e1n el manto que flamea bien arriba, all\u00ed, en nuestro Monumento Nacional a la Bandera&#8221;.<\/p>\n\n\n\n<p>Y continu\u00f3: &#8220;Para Rosario, el 20 junio es algo as\u00ed como el d\u00eda de nuestro inicio como ciudad. Ser\u00e1 porque aquel Pago no tuvo un fundador sino miles. Miles de creadores y creadoras que, con sus brazos llenos de sue\u00f1os, nos hicieron lo que somos&#8221;, y remarc\u00f3: &#8220;Nuestros ancestros fueron gente valiente, fueron ambiciosos, abrieron las puertas al mundo y as\u00ed crearon una de las ciudades m\u00e1s pujantes, creativas y lindas de la Argentina. Una ciudad de la que don Manuel Belgrano pudiera sentirse orgulloso, como nos sentimos todos nosotros hoy&#8221;.<\/p>\n\n\n\n<p>Luego enumer\u00f3 &#8220;todo lo que significa Rosario&#8221; y marc\u00f3: &#8220;Rosario es el principal polo log\u00edstico agro exportador del mundo. Rosario es la ciudad de la salud p\u00fablica m\u00e1s extensa y eficiente del pa\u00eds, nuestro sistema soport\u00f3 la peor pandemia, y gracias a su robustez y a la entrega y talento de sus trabajadores y trabajadoras, les salv\u00f3 la vida a miles de vecinos de Rosario y de toda la regi\u00f3n&#8221;.&nbsp;<\/p>\n\n\n\n<p>A la vez que destac\u00f3: &#8220;Rosario es una ciudad de gente de buen coraz\u00f3n, que cada vez que ve que un vecino sufre alg\u00fan dolor, alguna injusticia, se une en una cadena de solidaridad que desborda&#8221; y agreg\u00f3: &#8220;Rosario es ese lugar en donde se apoya a la ciencia y la tecnolog\u00eda como en ning\u00fan otro&#8221;.&nbsp;<\/p>\n\n\n\n<p>En otro tramo de su discurso se\u00f1al\u00f3: &#8220;Rosario es esa ciudad que tuvo el desaf\u00edo, hace apenas dos meses, de organizar los Juegos Suramericanos de la Juventud y fue un ejemplo de compromiso y pasi\u00f3n para todo el continente&#8221; y complet\u00f3: &#8220;M\u00e1s de un mill\u00f3n de personas tuvieron, gracias a los Juegos, un mimo al alma, una fiesta que todos merec\u00edan despu\u00e9s del dolor que hab\u00edamos pasado&#8221;.&nbsp;<\/p>\n\n\n\n<p>Al mismo tiempo, el jefe comunal se enorgulleci\u00f3 de que Rosario sea un faro cultural: &#8220;Donde los artistas brotan desde abajo de las baldosas, pero no es casualidad. En Rosario se respira arte es porque ac\u00e1 somos sensibles, inquietos, rebeldes. Por eso ac\u00e1 nacieron Litto Nebbia, la Trova, Fito, la m\u00fasica del litoral, Nicky Nicole, Fandermole&#8221;, mencion\u00f3 entre otros y otras y subray\u00f3 &#8220;los cuentos del Negro Fontanarrosa, las aulas de las hermanas Cossettini, la bandera m\u00e1s grande del mundo&#8221; y apunt\u00f3 &#8220;Este a\u00f1o llenamos el Monumento con m\u00e1s de 35 mil estudiantes de 4to grado que vinieron a cumplir con esa ceremonia sagrada, de prometer lealtad a nuestra bandera&#8221;.&nbsp;<\/p>\n\n\n\n<p>Javkin tambi\u00e9n record\u00f3 que &#8220;Rosario es la ciudad donde las villas se transforman en barrios porque la naci\u00f3n, la provincia y el municipio trabajan juntas, mano a mano con los vecinos, para transformar barro en asfalto y pobreza en dignidad&#8221;.<\/p>\n\n\n\n<p>M\u00e1s adelante, indic\u00f3: &#8220;Rosario es la ciudad que decidi\u00f3 poner el pecho de nuestros combatientes de Malvinas una orden de honor y gloria, porque dieron su sangre para defendernos y porque son un ejemplo de compromiso y solidaridad&#8221;.<\/p>\n\n\n\n<p>Y dedic\u00f3 varios p\u00e1rrafos al tema seguridad: &#8220;Esta ciudad, que quiere ser de paz, vive amenazada por bandas mafiosas que, con sus armas y su mugre, quieren que tengamos miedo y arrebatarnos la vida de nuestros pibes&#8221;, dijo, y reflexion\u00f3: &#8220;Para combatir esta crisis necesitamos uni\u00f3n y decisi\u00f3n. Cuando escuchamos desde ac\u00e1 los gritos que llegan desde&nbsp;el centro del pa\u00eds, sabemos que no nos sirven, que no resuelven nuestro problema. Los rosarinos y rosarinas siempre pedimos que la \u00fanica pelea que demos sea contra esos mafiosos que crecen a costa de la pobreza y la falta de oportunidades&#8221;.&nbsp;<\/p>\n\n\n\n<p>Javkin pidi\u00f3 tener presente qu\u00e9: &#8220;Rosario que no tiene polic\u00eda, ni justicia, ni c\u00e1rceles&#8221;, sostuvo y a\u00f1adi\u00f3: &#8220;Rosario necesita ayuda. Mucha ayuda. Pedimos con respeto, pero tambi\u00e9n con energ\u00eda que todo lo que se pueda hacer se haga, y urgente&#8221;, dijo y precis\u00f3: &#8220;Rosario que le da tanto a la Argentina, que la Argentina la defienda con todo lo que tiene&#8221;.&nbsp;<\/p>\n\n\n\n<p>&#8220;Belgrano alguna vez jur\u00f3 ante la bandera vencer a los enemigos interiores y exteriores para ser el templo de la Independencia y de la Libertad. Sin importar qu\u00e9 tan vasta y dif\u00edcil sea la lucha, tenemos el mandato del General y tenemos la bandera argentina, para unirnos y vencer&#8221;, continu\u00f3 diciendo y agreg\u00f3: &#8220;Tenemos la fuerza y la valent\u00eda de cada rosarino y rosarina que ama esta ciudad y tenemos el futuro de sus hijos, hijas, nietos y nietas en nuestras manos&#8221;.&nbsp;<\/p>\n\n\n\n<p>&#8220;Aqu\u00ed, ante este Monumento, los invito a jurar por la uni\u00f3n de poner Arriba la Bandera, Arriba la Paz, y Arriba Rosario&#8221;, finaliz\u00f3 Javkin.&nbsp;<\/p>\n<div class=\"newspaper-x-tags\"><strong>TAGS: <\/strong><span><a href=\"https:\/\/www.rosarioalerta.com.ar\/site\/archivos\/tag\/inseguridad\" rel=\"tag\">inseguridad<\/a><\/span><a href=\"https:\/\/www.rosarioalerta.com.ar\/site\/archivos\/tag\/perotti\" rel=\"tag\">Perotti<\/a><\/span><a href=\"https:\/\/www.rosarioalerta.com.ar\/site\/archivos\/tag\/rosario\" rel=\"tag\">Rosario<\/a><\/span><a href=\"https:\/\/www.rosarioalerta.com.ar\/site\/archivos\/tag\/santa-fe\" rel=\"tag\">Santa Fe<\/a> <\/div>","protected":false},"excerpt":{"rendered":"<p>\u201cRosario precisa que la Argentina la defienda con todo lo que tiene. Nos merecemos poder caminar, estudiar, trabajar y crecer en paz\u201d, dijo el intendente en el acto por el d\u00eda de la Bandera El intendente Pablo Javkin, encabez\u00f3 el izamiento de la bandera por el 202\u00ba aniversario del fallecimiento del general Manuel Belgrano. Durante [&hellip;]<\/p>\n","protected":false},"author":2,"featured_media":6126,"comment_status":"open","ping_status":"open","sticky":false,"template":"","format":"standard","meta":{"_joinchat":[],"footnotes":""},"categories":[18,21],"tags":[54,24,55,65],"class_list":["post-6125","post","type-post","status-publish","format-standard","has-post-thumbnail","hentry","category-institucional","category-noticias","tag-inseguridad","tag-perotti","tag-rosario","tag-santa-fe"],"_links":{"self":[{"href":"https:\/\/www.rosarioalerta.com.ar\/site\/wp-json\/wp\/v2\/posts\/6125","targetHints":{"allow":["GET"]}}],"collection":[{"href":"https:\/\/www.rosarioalerta.com.ar\/site\/wp-json\/wp\/v2\/posts"}],"about":[{"href":"https:\/\/www.rosarioalerta.com.ar\/site\/wp-json\/wp\/v2\/types\/post"}],"author":[{"embeddable":true,"href":"https:\/\/www.rosarioalerta.com.ar\/site\/wp-json\/wp\/v2\/users\/2"}],"replies":[{"embeddable":true,"href":"https:\/\/www.rosarioalerta.com.ar\/site\/wp-json\/wp\/v2\/comments?post=6125"}],"version-history":[{"count":1,"href":"https:\/\/www.rosarioalerta.com.ar\/site\/wp-json\/wp\/v2\/posts\/6125\/revisions"}],"predecessor-version":[{"id":6127,"href":"https:\/\/www.rosarioalerta.com.ar\/site\/wp-json\/wp\/v2\/posts\/6125\/revisions\/6127"}],"wp:featuredmedia":[{"embeddable":true,"href":"https:\/\/www.rosarioalerta.com.ar\/site\/wp-json\/wp\/v2\/media\/6126"}],"wp:attachment":[{"href":"https:\/\/www.rosarioalerta.com.ar\/site\/wp-json\/wp\/v2\/media?parent=6125"}],"wp:term":[{"taxonomy":"category","embeddable":true,"href":"https:\/\/www.rosarioalerta.com.ar\/site\/wp-json\/wp\/v2\/categories?post=6125"},{"taxonomy":"post_tag","embeddable":true,"href":"https:\/\/www.rosarioalerta.com.ar\/site\/wp-json\/wp\/v2\/tags?post=6125"}],"curies":[{"name":"wp","href":"https:\/\/api.w.org\/{rel}","templated":true}]}}