{"id":6022,"date":"2022-06-10T20:56:03","date_gmt":"2022-06-10T23:56:03","guid":{"rendered":"https:\/\/www.rosarioalerta.com.ar\/site\/?p=6022"},"modified":"2022-06-10T20:56:05","modified_gmt":"2022-06-10T23:56:05","slug":"quedaron-detenidos-los-agresores-de-tiziano-gravier","status":"publish","type":"post","link":"https:\/\/www.rosarioalerta.com.ar\/site\/archivos\/6022","title":{"rendered":"Quedaron detenidos los agresores de Tiziano Gravier"},"content":{"rendered":"\n<p><\/p>\n\n\n\n<p>La pelea se habr\u00eda originado por la utilizaci\u00f3n de un t\u00e9rmino discriminatorio<\/p>\n\n\n\n<p>Este viernes imputaron a <strong>Jesuan Ezequiel M y Franco Z<\/strong> quienes habr\u00edan agredido a golpes al hijo de <strong>Valeria Mazza<\/strong>, <strong>Tiziano Gravier<\/strong>, el pasado 5 de junio a la salida de <strong>Rosflow<\/strong>, el local bailable de <strong>Brown y Vera Mujica<\/strong>. El Fiscal <strong>Rodrigo Santana<\/strong>, les imput\u00f3 los delitos de lesiones graves dolosas, mediando acto discriminatorio por la condici\u00f3n social, posici\u00f3n econ\u00f3mica o car\u00e1cter f\u00edsico, en calidad de autores.<\/p>\n\n\n\n<p>El <strong>Juez de Primera Instancia Dr. Postma<\/strong> tuvo por formalizada la audiencia, aceptando la constituci\u00f3n de querellante solicitada por la familia de la v\u00edctima y disponiendo la prisi\u00f3n preventiva efectiva por el plazo de 90 d\u00edas para los imputados. La Fiscal\u00eda le atribuy\u00f3 el hecho mencionado donde agredieron a Tiziano tras haberlo tratado de \u00a8tincho\u00a8, palabra despectiva que se utiliza para hacer referencia a j\u00f3venes de clase media-alta -evidenciando con ello una actitud discriminatoria fundada en la posici\u00f3n econ\u00f3mica, condici\u00f3n social y caracteres f\u00edsicos de la v\u00edctima-. La v\u00edctima sufri\u00f3 lesiones graves, constatadas mediante historia cl\u00ednica del <strong>Sanatorio Brit\u00e1nico<\/strong>, a trav\u00e9s de la cual se verifica asimetr\u00eda facial con edema a predominio de maxilar izquierdo con dificultad para la apertura bucal por dolor, desprendimiento de parte de la mucosa malar en enc\u00eda inferior izquierda y parte anterior de enc\u00eda derecha, fractura del maxilar inferior izquierdo, con existencia de trazo de direcci\u00f3n transversal, ligeramente oblicuo, signos de edemas de partes blandas perifracturarios asociados a burbujas de gas y edema en hemicara izquierda asociada a limitaci\u00f3n de la apertura bucal y movimiento de m\u00fasculos masticatorios limitados por el dolor, dictaminando el m\u00e9dico Forense del Poder Judicial Dr. N\u00e9stor Cabrejas que dichas lesiones se corresponden con el mecanismo de golpearse o ser golpeado con o contra superficie firme y dura, invalidantes, estimando su recuperaci\u00f3n de no mediar complicaciones, en un lapso de 90\/120 d\u00edas, como asimismo tambi\u00e9n que la inutilidad laboral o para realizar sus tareas habituales ser\u00e1 mayor al mes<\/p>\n<div class=\"newspaper-x-tags\"><strong>TAGS: <\/strong><span><a href=\"https:\/\/www.rosarioalerta.com.ar\/site\/archivos\/tag\/inseguridad\" rel=\"tag\">inseguridad<\/a><\/span><a href=\"https:\/\/www.rosarioalerta.com.ar\/site\/archivos\/tag\/noticias-de-rosario\" rel=\"tag\">Noticias de Rosario<\/a><\/span><a href=\"https:\/\/www.rosarioalerta.com.ar\/site\/archivos\/tag\/rosario\" rel=\"tag\">Rosario<\/a><\/span><a href=\"https:\/\/www.rosarioalerta.com.ar\/site\/archivos\/tag\/santa-fe\" rel=\"tag\">Santa Fe<\/a> <\/div>","protected":false},"excerpt":{"rendered":"<p>La pelea se habr\u00eda originado por la utilizaci\u00f3n de un t\u00e9rmino discriminatorio Este viernes imputaron a Jesuan Ezequiel M y Franco Z quienes habr\u00edan agredido a golpes al hijo de Valeria Mazza, Tiziano Gravier, el pasado 5 de junio a la salida de Rosflow, el local bailable de Brown y Vera Mujica. El Fiscal Rodrigo [&hellip;]<\/p>\n","protected":false},"author":2,"featured_media":6023,"comment_status":"open","ping_status":"open","sticky":false,"template":"","format":"standard","meta":{"_joinchat":[],"footnotes":""},"categories":[11,66,13,21],"tags":[54,95,55,65],"class_list":["post-6022","post","type-post","status-publish","format-standard","has-post-thumbnail","hentry","category-detenidos","category-inseguridad","category-judiciales","category-noticias","tag-inseguridad","tag-noticias-de-rosario","tag-rosario","tag-santa-fe"],"_links":{"self":[{"href":"https:\/\/www.rosarioalerta.com.ar\/site\/wp-json\/wp\/v2\/posts\/6022","targetHints":{"allow":["GET"]}}],"collection":[{"href":"https:\/\/www.rosarioalerta.com.ar\/site\/wp-json\/wp\/v2\/posts"}],"about":[{"href":"https:\/\/www.rosarioalerta.com.ar\/site\/wp-json\/wp\/v2\/types\/post"}],"author":[{"embeddable":true,"href":"https:\/\/www.rosarioalerta.com.ar\/site\/wp-json\/wp\/v2\/users\/2"}],"replies":[{"embeddable":true,"href":"https:\/\/www.rosarioalerta.com.ar\/site\/wp-json\/wp\/v2\/comments?post=6022"}],"version-history":[{"count":1,"href":"https:\/\/www.rosarioalerta.com.ar\/site\/wp-json\/wp\/v2\/posts\/6022\/revisions"}],"predecessor-version":[{"id":6024,"href":"https:\/\/www.rosarioalerta.com.ar\/site\/wp-json\/wp\/v2\/posts\/6022\/revisions\/6024"}],"wp:featuredmedia":[{"embeddable":true,"href":"https:\/\/www.rosarioalerta.com.ar\/site\/wp-json\/wp\/v2\/media\/6023"}],"wp:attachment":[{"href":"https:\/\/www.rosarioalerta.com.ar\/site\/wp-json\/wp\/v2\/media?parent=6022"}],"wp:term":[{"taxonomy":"category","embeddable":true,"href":"https:\/\/www.rosarioalerta.com.ar\/site\/wp-json\/wp\/v2\/categories?post=6022"},{"taxonomy":"post_tag","embeddable":true,"href":"https:\/\/www.rosarioalerta.com.ar\/site\/wp-json\/wp\/v2\/tags?post=6022"}],"curies":[{"name":"wp","href":"https:\/\/api.w.org\/{rel}","templated":true}]}}