{"id":6018,"date":"2022-06-10T15:22:12","date_gmt":"2022-06-10T18:22:12","guid":{"rendered":"https:\/\/www.rosarioalerta.com.ar\/site\/?p=6018"},"modified":"2022-06-10T15:28:24","modified_gmt":"2022-06-10T18:28:24","slug":"sigue-libre-el-gatillero-de-sanabria","status":"publish","type":"post","link":"https:\/\/www.rosarioalerta.com.ar\/site\/archivos\/6018","title":{"rendered":"Sigue libre el gatillero de Sanabria"},"content":{"rendered":"\n<p><\/p>\n\n\n\n<p>Quien atent\u00f3 contra la vida del sub oficial, a\u00fan no fue detenido<\/p>\n\n\n\n<p>Como en muchos casos, este es otro m\u00e1s que se suma a la lista de cr\u00edmenes o tentativas de asesinatos sin resolver que conmueven a la ciudadan\u00eda, solo dos personas, fueron llevadas a audiencia imputativa y permanecen con prisi\u00f3n preventiva, por haber sido encubridores, NO AUTORES. Mientras que un menor de 17 a\u00f1os, del cual secuestraron huellas dactilares, del rodado desde el cual abrieron fuego contra <a href=\"https:\/\/www.rosarioalerta.com.ar\/site\/archivos\/5795\" data-type=\"URL\" data-id=\"https:\/\/www.rosarioalerta.com.ar\/site\/archivos\/5795\"><strong>Gabriel Sanabria<\/strong>,<\/a> solo estuvo algunos d\u00edas demorado en el <strong>ex IRAR<\/strong> hoy <strong>Centro de Responsabilidad Penal <\/strong>y seg\u00fan fuentes policiales, se encontrar\u00eda involucrado en otro asesinato, pero est\u00e1 paseando entre nosotros como otro vecino m\u00e1s, al igual que el verdadero tirador<\/p>\n\n\n\n<p>Cabe destacar que la Fiscal interviniente <strong>Dra. Gisela Paolicelli<\/strong> no libr\u00f3 ninguna orden de detenci\u00f3n para otra persona en relaci\u00f3n a esta investigaci\u00f3n<\/p>\n<div class=\"newspaper-x-tags\"><strong>TAGS: <\/strong><span><a href=\"https:\/\/www.rosarioalerta.com.ar\/site\/archivos\/tag\/gabriel-sanabria\" rel=\"tag\">Gabriel Sanabria<\/a><\/span><a href=\"https:\/\/www.rosarioalerta.com.ar\/site\/archivos\/tag\/inseguridad\" rel=\"tag\">inseguridad<\/a><\/span><a href=\"https:\/\/www.rosarioalerta.com.ar\/site\/archivos\/tag\/noticias-de-rosario\" rel=\"tag\">Noticias de Rosario<\/a><\/span><a href=\"https:\/\/www.rosarioalerta.com.ar\/site\/archivos\/tag\/perotti\" rel=\"tag\">Perotti<\/a><\/span><a href=\"https:\/\/www.rosarioalerta.com.ar\/site\/archivos\/tag\/rosario\" rel=\"tag\">Rosario<\/a><\/span><a href=\"https:\/\/www.rosarioalerta.com.ar\/site\/archivos\/tag\/sanabria\" rel=\"tag\">Sanabria<\/a><\/span><a href=\"https:\/\/www.rosarioalerta.com.ar\/site\/archivos\/tag\/santa-fe\" rel=\"tag\">Santa Fe<\/a> <\/div>","protected":false},"excerpt":{"rendered":"<p>Quien atent\u00f3 contra la vida del sub oficial, a\u00fan no fue detenido Como en muchos casos, este es otro m\u00e1s que se suma a la lista de cr\u00edmenes o tentativas de asesinatos sin resolver que conmueven a la ciudadan\u00eda, solo dos personas, fueron llevadas a audiencia imputativa y permanecen con prisi\u00f3n preventiva, por haber sido [&hellip;]<\/p>\n","protected":false},"author":2,"featured_media":6019,"comment_status":"open","ping_status":"open","sticky":false,"template":"","format":"standard","meta":{"_joinchat":[],"footnotes":""},"categories":[66,21,14],"tags":[271,54,95,24,55,270,65],"class_list":["post-6018","post","type-post","status-publish","format-standard","has-post-thumbnail","hentry","category-inseguridad","category-noticias","category-policiales","tag-gabriel-sanabria","tag-inseguridad","tag-noticias-de-rosario","tag-perotti","tag-rosario","tag-sanabria","tag-santa-fe"],"_links":{"self":[{"href":"https:\/\/www.rosarioalerta.com.ar\/site\/wp-json\/wp\/v2\/posts\/6018","targetHints":{"allow":["GET"]}}],"collection":[{"href":"https:\/\/www.rosarioalerta.com.ar\/site\/wp-json\/wp\/v2\/posts"}],"about":[{"href":"https:\/\/www.rosarioalerta.com.ar\/site\/wp-json\/wp\/v2\/types\/post"}],"author":[{"embeddable":true,"href":"https:\/\/www.rosarioalerta.com.ar\/site\/wp-json\/wp\/v2\/users\/2"}],"replies":[{"embeddable":true,"href":"https:\/\/www.rosarioalerta.com.ar\/site\/wp-json\/wp\/v2\/comments?post=6018"}],"version-history":[{"count":2,"href":"https:\/\/www.rosarioalerta.com.ar\/site\/wp-json\/wp\/v2\/posts\/6018\/revisions"}],"predecessor-version":[{"id":6021,"href":"https:\/\/www.rosarioalerta.com.ar\/site\/wp-json\/wp\/v2\/posts\/6018\/revisions\/6021"}],"wp:featuredmedia":[{"embeddable":true,"href":"https:\/\/www.rosarioalerta.com.ar\/site\/wp-json\/wp\/v2\/media\/6019"}],"wp:attachment":[{"href":"https:\/\/www.rosarioalerta.com.ar\/site\/wp-json\/wp\/v2\/media?parent=6018"}],"wp:term":[{"taxonomy":"category","embeddable":true,"href":"https:\/\/www.rosarioalerta.com.ar\/site\/wp-json\/wp\/v2\/categories?post=6018"},{"taxonomy":"post_tag","embeddable":true,"href":"https:\/\/www.rosarioalerta.com.ar\/site\/wp-json\/wp\/v2\/tags?post=6018"}],"curies":[{"name":"wp","href":"https:\/\/api.w.org\/{rel}","templated":true}]}}