{"id":5866,"date":"2022-05-30T19:48:31","date_gmt":"2022-05-30T22:48:31","guid":{"rendered":"https:\/\/www.rosarioalerta.com.ar\/site\/?p=5866"},"modified":"2022-05-30T19:48:32","modified_gmt":"2022-05-30T22:48:32","slug":"la-provincia-incorporo-patrulleros-en-los-que-no-podran-llevar-detenidos","status":"publish","type":"post","link":"https:\/\/www.rosarioalerta.com.ar\/site\/archivos\/5866","title":{"rendered":"La provincia incorpor\u00f3 patrulleros en los que no podr\u00e1n llevar detenidos"},"content":{"rendered":"\n<p><\/p>\n\n\n\n<p>Carecen de normas de seguridad, tales como la reja separadora del asiento trasero, poniendo en riesgo al personal policial<\/p>\n\n\n\n<p>Son otros 42 Fiat Cronos, totalizando 126 en toda la provincia. Los mismos ser\u00e1n destinados: 23 para Rosario, 10 para Villa Gobernador G\u00e1lvez, 8 para P\u00e9rez y 1 a la comuna de Soldini.<\/p>\n\n\n\n<p>Al respecto, el ministro de Seguridad, Jorge Lagna, remarc\u00f3 que &#8220;es un motivo de orgullo poder ir cumplimentando esta nueva fase de equipamiento para la polic\u00eda. Con estas 42 llevamos entregadas 126 unidades en el gran Rosario. Por eso hoy forman parte de esta entrega 10 unidades para Villa Gobernador G\u00e1lvez, 8 para P\u00e9rez, 1 para Solidini y as\u00ed paulatinamente seguiremos entregando abarcando toda la provincia\u201d.<\/p>\n\n\n\n<p>\u201cMayor tecnolog\u00eda y equipamiento es una de nuestras metas, junto con m\u00e1s recursos humanos y mejor capacitaci\u00f3n. Por eso la semana que viene vamos a estar inaugurando dos nuevas Escuelas de Formaci\u00f3n, una en Rafaela y otra en Reconquista. De esta manera Santa Fe contar\u00e1 con cinco escuelas de polic\u00eda\u201d, indic\u00f3 Lagna. Aunque evit\u00f3 hacer menci\u00f3n, que no pueden trasladar detenidos, dado que carecen de la jaula separadora entre asientos<\/p>\n<div class=\"newspaper-x-tags\"><strong>TAGS: <\/strong><span><a href=\"https:\/\/www.rosarioalerta.com.ar\/site\/archivos\/tag\/inseguridad\" rel=\"tag\">inseguridad<\/a><\/span><a href=\"https:\/\/www.rosarioalerta.com.ar\/site\/archivos\/tag\/noticias-de-rosario\" rel=\"tag\">Noticias de Rosario<\/a><\/span><a href=\"https:\/\/www.rosarioalerta.com.ar\/site\/archivos\/tag\/perotti\" rel=\"tag\">Perotti<\/a><\/span><a href=\"https:\/\/www.rosarioalerta.com.ar\/site\/archivos\/tag\/rosario\" rel=\"tag\">Rosario<\/a><\/span><a href=\"https:\/\/www.rosarioalerta.com.ar\/site\/archivos\/tag\/santa-fe\" rel=\"tag\">Santa Fe<\/a> <\/div>","protected":false},"excerpt":{"rendered":"<p>Carecen de normas de seguridad, tales como la reja separadora del asiento trasero, poniendo en riesgo al personal policial Son otros 42 Fiat Cronos, totalizando 126 en toda la provincia. Los mismos ser\u00e1n destinados: 23 para Rosario, 10 para Villa Gobernador G\u00e1lvez, 8 para P\u00e9rez y 1 a la comuna de Soldini. Al respecto, el [&hellip;]<\/p>\n","protected":false},"author":2,"featured_media":5867,"comment_status":"open","ping_status":"open","sticky":false,"template":"","format":"standard","meta":{"_joinchat":[],"footnotes":""},"categories":[66,18,21],"tags":[54,95,24,55,65],"class_list":["post-5866","post","type-post","status-publish","format-standard","has-post-thumbnail","hentry","category-inseguridad","category-institucional","category-noticias","tag-inseguridad","tag-noticias-de-rosario","tag-perotti","tag-rosario","tag-santa-fe"],"_links":{"self":[{"href":"https:\/\/www.rosarioalerta.com.ar\/site\/wp-json\/wp\/v2\/posts\/5866","targetHints":{"allow":["GET"]}}],"collection":[{"href":"https:\/\/www.rosarioalerta.com.ar\/site\/wp-json\/wp\/v2\/posts"}],"about":[{"href":"https:\/\/www.rosarioalerta.com.ar\/site\/wp-json\/wp\/v2\/types\/post"}],"author":[{"embeddable":true,"href":"https:\/\/www.rosarioalerta.com.ar\/site\/wp-json\/wp\/v2\/users\/2"}],"replies":[{"embeddable":true,"href":"https:\/\/www.rosarioalerta.com.ar\/site\/wp-json\/wp\/v2\/comments?post=5866"}],"version-history":[{"count":1,"href":"https:\/\/www.rosarioalerta.com.ar\/site\/wp-json\/wp\/v2\/posts\/5866\/revisions"}],"predecessor-version":[{"id":5868,"href":"https:\/\/www.rosarioalerta.com.ar\/site\/wp-json\/wp\/v2\/posts\/5866\/revisions\/5868"}],"wp:featuredmedia":[{"embeddable":true,"href":"https:\/\/www.rosarioalerta.com.ar\/site\/wp-json\/wp\/v2\/media\/5867"}],"wp:attachment":[{"href":"https:\/\/www.rosarioalerta.com.ar\/site\/wp-json\/wp\/v2\/media?parent=5866"}],"wp:term":[{"taxonomy":"category","embeddable":true,"href":"https:\/\/www.rosarioalerta.com.ar\/site\/wp-json\/wp\/v2\/categories?post=5866"},{"taxonomy":"post_tag","embeddable":true,"href":"https:\/\/www.rosarioalerta.com.ar\/site\/wp-json\/wp\/v2\/tags?post=5866"}],"curies":[{"name":"wp","href":"https:\/\/api.w.org\/{rel}","templated":true}]}}