{"id":5863,"date":"2022-05-30T19:43:10","date_gmt":"2022-05-30T22:43:10","guid":{"rendered":"https:\/\/www.rosarioalerta.com.ar\/site\/?p=5863"},"modified":"2022-05-30T19:43:12","modified_gmt":"2022-05-30T22:43:12","slug":"le-piden-a-fernandez-que-desplace-a-sain-del-ministerio-de-seguridad-de-la-nacion","status":"publish","type":"post","link":"https:\/\/www.rosarioalerta.com.ar\/site\/archivos\/5863","title":{"rendered":"Le piden a Fern\u00e1ndez que desplace a Sain del Ministerio de Seguridad de la Naci\u00f3n"},"content":{"rendered":"\n<p><\/p>\n\n\n\n<p>Fue mediante una carta enviada por el presidente de la comisi\u00f3n de seguridad de la C\u00e1mara de Diputadas y Diputados de Santa Fe, el radical Juan Cruz \u201cCacu\u201d C\u00e1ndido. Adem\u00e1s se le solicit\u00f3 una audiencia al primer mandatario.<\/p>\n\n\n\n<p>Tras conocerse las medidas cautelares impuestas a Marcelo Sain, y otros ex funcionarios del Ministerio de Seguridad de Santa Fe, en la causa que investiga irregularidades en la licitaci\u00f3n para la compra de armas de fuego para la Polic\u00eda de Santa Fe por 1400 millones de pesos, el diputado provincial del espacio UCR Evoluci\u00f3n, Juan Cruz \u201cCacu\u201d C\u00e1ndido, envi\u00f3 una carta al presidente de la Naci\u00f3n Alberto Fern\u00e1ndez para pedirle que desplace al ex ministro de seguridad provincial de su cargo como Asesor de Criminalidad del Ministerio que conduce Anibal Fern\u00e1ndez. \u201cConstituir\u00e1 un mensaje de empat\u00eda hacia los santafesinos y de comprensi\u00f3n del momento que se vive en esta provincia\u201d se\u00f1al\u00f3 el legislador.<\/p>\n\n\n\n<p>Luego de que se conociera el embargo por 100 mil d\u00f3lares y otras medidas cautelares dictadas por el juez H\u00e9ctor Gabriel Candioti en la causa que investiga corrupci\u00f3n en la compra de armas para la Polic\u00eda, C\u00e1ndido remarc\u00f3 que \u201cla investigaci\u00f3n encabezada por la Fiscal\u00eda determin\u00f3, entre otras irregularidades, que el pliego licitatorio hab\u00eda sido redactado por la propia empresa y que estaba en marcha otro procedimiento de compra, tambi\u00e9n ama\u00f1ado para favorecer a esa misma empresa, y cuyo expediente desapareci\u00f3 de la sede del Ministerio\u201d.<\/p>\n\n\n\n<p>En la misiva, que tiene una extensi\u00f3n de tres carillas, el legislador record\u00f3 que cuando se conoci\u00f3 la posible designaci\u00f3n de Sain en la cartera de seguridad de Naci\u00f3n, hubo advertencias sobre los procesos que estaban ocurriendo en la provincia y que pese a eso \u201cse resolvi\u00f3 seguir con la designaci\u00f3n\u201d y agreg\u00f3 \u201calgo que lamentablemente termin\u00f3 siendo una de las pocas respuestas que se le dieron desde el Gobierno Nacional a los santafesinos y las santafesinas que reclaman presencia federal para abordar la grave crisis que se vive\u201d.<\/p>\n\n\n\n<p>Adem\u00e1s de reclamar que Marcelo Sain sea desplazado del Ministerio de Seguridad, C\u00e1ndido le solicit\u00f3 una audiencia al primer mandatario nacional \u201cpara abordar la situaci\u00f3n que atraviesa nuestra provincia y las distintas tareas que podemos abordar de manera conjunta entre los distintos poderes y niveles del Estado\u201d.<\/p>\n<div class=\"newspaper-x-tags\"><strong>TAGS: <\/strong><span><a href=\"https:\/\/www.rosarioalerta.com.ar\/site\/archivos\/tag\/inseguridad\" rel=\"tag\">inseguridad<\/a><\/span><a href=\"https:\/\/www.rosarioalerta.com.ar\/site\/archivos\/tag\/perotti\" rel=\"tag\">Perotti<\/a><\/span><a href=\"https:\/\/www.rosarioalerta.com.ar\/site\/archivos\/tag\/rosario\" rel=\"tag\">Rosario<\/a><\/span><a href=\"https:\/\/www.rosarioalerta.com.ar\/site\/archivos\/tag\/santa-fe\" rel=\"tag\">Santa Fe<\/a> <\/div>","protected":false},"excerpt":{"rendered":"<p>Fue mediante una carta enviada por el presidente de la comisi\u00f3n de seguridad de la C\u00e1mara de Diputadas y Diputados de Santa Fe, el radical Juan Cruz \u201cCacu\u201d C\u00e1ndido. Adem\u00e1s se le solicit\u00f3 una audiencia al primer mandatario. Tras conocerse las medidas cautelares impuestas a Marcelo Sain, y otros ex funcionarios del Ministerio de Seguridad [&hellip;]<\/p>\n","protected":false},"author":2,"featured_media":5864,"comment_status":"open","ping_status":"open","sticky":false,"template":"","format":"standard","meta":{"_joinchat":[],"footnotes":""},"categories":[18,21],"tags":[54,24,55,65],"class_list":["post-5863","post","type-post","status-publish","format-standard","has-post-thumbnail","hentry","category-institucional","category-noticias","tag-inseguridad","tag-perotti","tag-rosario","tag-santa-fe"],"_links":{"self":[{"href":"https:\/\/www.rosarioalerta.com.ar\/site\/wp-json\/wp\/v2\/posts\/5863","targetHints":{"allow":["GET"]}}],"collection":[{"href":"https:\/\/www.rosarioalerta.com.ar\/site\/wp-json\/wp\/v2\/posts"}],"about":[{"href":"https:\/\/www.rosarioalerta.com.ar\/site\/wp-json\/wp\/v2\/types\/post"}],"author":[{"embeddable":true,"href":"https:\/\/www.rosarioalerta.com.ar\/site\/wp-json\/wp\/v2\/users\/2"}],"replies":[{"embeddable":true,"href":"https:\/\/www.rosarioalerta.com.ar\/site\/wp-json\/wp\/v2\/comments?post=5863"}],"version-history":[{"count":1,"href":"https:\/\/www.rosarioalerta.com.ar\/site\/wp-json\/wp\/v2\/posts\/5863\/revisions"}],"predecessor-version":[{"id":5865,"href":"https:\/\/www.rosarioalerta.com.ar\/site\/wp-json\/wp\/v2\/posts\/5863\/revisions\/5865"}],"wp:featuredmedia":[{"embeddable":true,"href":"https:\/\/www.rosarioalerta.com.ar\/site\/wp-json\/wp\/v2\/media\/5864"}],"wp:attachment":[{"href":"https:\/\/www.rosarioalerta.com.ar\/site\/wp-json\/wp\/v2\/media?parent=5863"}],"wp:term":[{"taxonomy":"category","embeddable":true,"href":"https:\/\/www.rosarioalerta.com.ar\/site\/wp-json\/wp\/v2\/categories?post=5863"},{"taxonomy":"post_tag","embeddable":true,"href":"https:\/\/www.rosarioalerta.com.ar\/site\/wp-json\/wp\/v2\/tags?post=5863"}],"curies":[{"name":"wp","href":"https:\/\/api.w.org\/{rel}","templated":true}]}}