{"id":5652,"date":"2022-05-18T14:11:47","date_gmt":"2022-05-18T17:11:47","guid":{"rendered":"https:\/\/www.rosarioalerta.com.ar\/site\/?p=5652"},"modified":"2022-05-18T14:11:48","modified_gmt":"2022-05-18T17:11:48","slug":"reclamos-por-un-crimen-y-un-hombre-baleado","status":"publish","type":"post","link":"https:\/\/www.rosarioalerta.com.ar\/site\/archivos\/5652","title":{"rendered":"Reclamos por un crimen y un hombre baleado"},"content":{"rendered":"\n<p><\/p>\n\n\n\n<p>Fue en la zona norte que result\u00f3 herido, la protesta fue en Ludue\u00f1a<\/p>\n\n\n\n<p>Vecinos y amigos de <strong><a href=\"https:\/\/www.rosarioalerta.com.ar\/site\/archivos\/5611\" data-type=\"URL\" data-id=\"https:\/\/www.rosarioalerta.com.ar\/site\/archivos\/5611\">Mauro Feliciano Fleitas<\/a><\/strong> el joven asesinado en <strong>Felipe Mor\u00e9 al 600 bis<\/strong>, reclamaron por el esclarecimiento de su asesinato. Este jueves a las 15 est\u00e1 fijada la audiencia en la que les imputar\u00e1n a los tres aprehendidos el crimen y la portaci\u00f3n de arma de fuego. Se manifestaron en la puerta de la seccional en <strong>Sol\u00eds y Casilda<\/strong>, quemando neum\u00e1ticos, para luego de entablar di\u00e1logo con el encargado del recinto, levantar la manifestaci\u00f3n<\/p>\n\n\n\n<p>\u2026<strong>momentos m\u00e1s tarde<\/strong>\u2026 un hombre de 35 a\u00f1os, ingresa al <strong>Hospital Alberdi <\/strong>con heridas de bala en extremidades inferiores. Recibiendo curaciones y el alta m\u00e9dica<\/p>\n<div class=\"newspaper-x-tags\"><strong>TAGS: <\/strong><span><a href=\"https:\/\/www.rosarioalerta.com.ar\/site\/archivos\/tag\/balaceras\" rel=\"tag\">Balaceras<\/a><\/span><a href=\"https:\/\/www.rosarioalerta.com.ar\/site\/archivos\/tag\/inseguridad\" rel=\"tag\">inseguridad<\/a><\/span><a href=\"https:\/\/www.rosarioalerta.com.ar\/site\/archivos\/tag\/noticias-de-rosario\" rel=\"tag\">Noticias de Rosario<\/a><\/span><a href=\"https:\/\/www.rosarioalerta.com.ar\/site\/archivos\/tag\/perotti\" rel=\"tag\">Perotti<\/a><\/span><a href=\"https:\/\/www.rosarioalerta.com.ar\/site\/archivos\/tag\/rosario\" rel=\"tag\">Rosario<\/a><\/span><a href=\"https:\/\/www.rosarioalerta.com.ar\/site\/archivos\/tag\/santa-fe\" rel=\"tag\">Santa Fe<\/a> <\/div>","protected":false},"excerpt":{"rendered":"<p>Fue en la zona norte que result\u00f3 herido, la protesta fue en Ludue\u00f1a Vecinos y amigos de Mauro Feliciano Fleitas el joven asesinado en Felipe Mor\u00e9 al 600 bis, reclamaron por el esclarecimiento de su asesinato. Este jueves a las 15 est\u00e1 fijada la audiencia en la que les imputar\u00e1n a los tres aprehendidos el [&hellip;]<\/p>\n","protected":false},"author":2,"featured_media":5653,"comment_status":"open","ping_status":"open","sticky":false,"template":"","format":"standard","meta":{"_joinchat":[],"footnotes":""},"categories":[15,17,66,21,14],"tags":[68,54,95,24,55,65],"class_list":["post-5652","post","type-post","status-publish","format-standard","has-post-thumbnail","hentry","category-balaceras","category-heridos","category-inseguridad","category-noticias","category-policiales","tag-balaceras","tag-inseguridad","tag-noticias-de-rosario","tag-perotti","tag-rosario","tag-santa-fe"],"_links":{"self":[{"href":"https:\/\/www.rosarioalerta.com.ar\/site\/wp-json\/wp\/v2\/posts\/5652","targetHints":{"allow":["GET"]}}],"collection":[{"href":"https:\/\/www.rosarioalerta.com.ar\/site\/wp-json\/wp\/v2\/posts"}],"about":[{"href":"https:\/\/www.rosarioalerta.com.ar\/site\/wp-json\/wp\/v2\/types\/post"}],"author":[{"embeddable":true,"href":"https:\/\/www.rosarioalerta.com.ar\/site\/wp-json\/wp\/v2\/users\/2"}],"replies":[{"embeddable":true,"href":"https:\/\/www.rosarioalerta.com.ar\/site\/wp-json\/wp\/v2\/comments?post=5652"}],"version-history":[{"count":1,"href":"https:\/\/www.rosarioalerta.com.ar\/site\/wp-json\/wp\/v2\/posts\/5652\/revisions"}],"predecessor-version":[{"id":5654,"href":"https:\/\/www.rosarioalerta.com.ar\/site\/wp-json\/wp\/v2\/posts\/5652\/revisions\/5654"}],"wp:featuredmedia":[{"embeddable":true,"href":"https:\/\/www.rosarioalerta.com.ar\/site\/wp-json\/wp\/v2\/media\/5653"}],"wp:attachment":[{"href":"https:\/\/www.rosarioalerta.com.ar\/site\/wp-json\/wp\/v2\/media?parent=5652"}],"wp:term":[{"taxonomy":"category","embeddable":true,"href":"https:\/\/www.rosarioalerta.com.ar\/site\/wp-json\/wp\/v2\/categories?post=5652"},{"taxonomy":"post_tag","embeddable":true,"href":"https:\/\/www.rosarioalerta.com.ar\/site\/wp-json\/wp\/v2\/tags?post=5652"}],"curies":[{"name":"wp","href":"https:\/\/api.w.org\/{rel}","templated":true}]}}