{"id":5440,"date":"2022-05-07T01:01:56","date_gmt":"2022-05-07T04:01:56","guid":{"rendered":"https:\/\/www.rosarioalerta.com.ar\/site\/?p=5440"},"modified":"2022-05-07T01:01:58","modified_gmt":"2022-05-07T04:01:58","slug":"los-intendentes-nos-enteramos-de-las-malas-decisiones-por-los-medios","status":"publish","type":"post","link":"https:\/\/www.rosarioalerta.com.ar\/site\/archivos\/5440","title":{"rendered":"\u201cLos intendentes nos enteramos de las malas decisiones por los medios\u201d"},"content":{"rendered":"\n<p><\/p>\n\n\n\n<p>Leonardo Raimundo reaccion\u00f3 as\u00ed al enterarse que la Polic\u00eda de Acci\u00f3n T\u00e1ctica recortar\u00e1 servicios en la URXVII porque sus agentes concentrar\u00e1n su accionar en Rosario<\/p>\n\n\n\n<p>\u201cHago responsables a quienes tomaron esta decisi\u00f3n desde un escritorio en Santa Fe\u201d, avis\u00f3, el intendente de San Lorenzo y exigi\u00f3 m\u00e1s seguridad al gobierno provincial. \u201cCon profundo desagrado me enter\u00e9 ayer que la PAT (Polic\u00eda de Acci\u00f3n T\u00e1ctica) recortar\u00e1 colaboraci\u00f3n en lo inmediato a la Jefatura local porque se las requiere con exclusividad en Rosario. Si esto no es as\u00ed pido disculpas. Pero si esto es real hago responsable a quienes hayan tomado esta decisi\u00f3n desde un escritorio en la ciudad de Santa Fe\u201d, expres\u00f3 Raimundo, en el marco del acto por el 266 aniversario de la fundaci\u00f3n de San Lorenzo.<br>Tampoco dej\u00f3 pasar por alto la reuni\u00f3n que en la semana mantuvieron el gobernador Omar Perotti con el presidente Alberto Fern\u00e1ndez: \u201cVemos que se reclama al presidente m\u00e1s Gendarmer\u00eda pero s\u00f3lo para Rosario. Vemos que de 800 nuevos polic\u00edas ingresados en enero s\u00f3lo mandaron 5 a San Lorenzo\u201d.<br>Enseguida, Raimundo aclar\u00f3: \u201cNo es que no hayamos reclamado, porque todos han visto que lo hemos hecho. Ocurre que ninguna ley da facultades a los intendentes y presidentes comunales para participar de las decisiones en materia de seguridad, pero la gente no lo sabe y nos reclama a las autoridades locales, que nos enteramos de las malas decisiones por los medios\u201d.<br>En otro tramo del discurso, expres\u00f3 que \u201cesto debe cambiar y para ello hay que cambiar las leyes\u201d. Y complet\u00f3: \u201cM\u00e1s seguridad es el pedido, que m\u00e1s que eso deber\u00eda ser una obligaci\u00f3n para con esta esta ciudad que tanto aporta a las arcas nacionales y provinciales con sus industrias, puertos y comercio. Damos mucho m\u00e1s de lo que recibimos, por eso m\u00e1s que pedir exigimos\u201d<\/p>\n<div class=\"newspaper-x-tags\"><strong>TAGS: <\/strong><span><a href=\"https:\/\/www.rosarioalerta.com.ar\/site\/archivos\/tag\/inseguridad\" rel=\"tag\">inseguridad<\/a><\/span><a href=\"https:\/\/www.rosarioalerta.com.ar\/site\/archivos\/tag\/noticias-de-san-lorenzo\" rel=\"tag\">Noticias de San Lorenzo<\/a><\/span><a href=\"https:\/\/www.rosarioalerta.com.ar\/site\/archivos\/tag\/perotti\" rel=\"tag\">Perotti<\/a><\/span><a href=\"https:\/\/www.rosarioalerta.com.ar\/site\/archivos\/tag\/san-lorenzo\" rel=\"tag\">San Lorenzo<\/a> <\/div>","protected":false},"excerpt":{"rendered":"<p>Leonardo Raimundo reaccion\u00f3 as\u00ed al enterarse que la Polic\u00eda de Acci\u00f3n T\u00e1ctica recortar\u00e1 servicios en la URXVII porque sus agentes concentrar\u00e1n su accionar en Rosario \u201cHago responsables a quienes tomaron esta decisi\u00f3n desde un escritorio en Santa Fe\u201d, avis\u00f3, el intendente de San Lorenzo y exigi\u00f3 m\u00e1s seguridad al gobierno provincial. \u201cCon profundo desagrado me [&hellip;]<\/p>\n","protected":false},"author":2,"featured_media":5441,"comment_status":"open","ping_status":"open","sticky":false,"template":"","format":"standard","meta":{"_joinchat":[],"footnotes":""},"categories":[66,18,21,14],"tags":[54,238,24,168],"class_list":["post-5440","post","type-post","status-publish","format-standard","has-post-thumbnail","hentry","category-inseguridad","category-institucional","category-noticias","category-policiales","tag-inseguridad","tag-noticias-de-san-lorenzo","tag-perotti","tag-san-lorenzo"],"_links":{"self":[{"href":"https:\/\/www.rosarioalerta.com.ar\/site\/wp-json\/wp\/v2\/posts\/5440","targetHints":{"allow":["GET"]}}],"collection":[{"href":"https:\/\/www.rosarioalerta.com.ar\/site\/wp-json\/wp\/v2\/posts"}],"about":[{"href":"https:\/\/www.rosarioalerta.com.ar\/site\/wp-json\/wp\/v2\/types\/post"}],"author":[{"embeddable":true,"href":"https:\/\/www.rosarioalerta.com.ar\/site\/wp-json\/wp\/v2\/users\/2"}],"replies":[{"embeddable":true,"href":"https:\/\/www.rosarioalerta.com.ar\/site\/wp-json\/wp\/v2\/comments?post=5440"}],"version-history":[{"count":1,"href":"https:\/\/www.rosarioalerta.com.ar\/site\/wp-json\/wp\/v2\/posts\/5440\/revisions"}],"predecessor-version":[{"id":5442,"href":"https:\/\/www.rosarioalerta.com.ar\/site\/wp-json\/wp\/v2\/posts\/5440\/revisions\/5442"}],"wp:featuredmedia":[{"embeddable":true,"href":"https:\/\/www.rosarioalerta.com.ar\/site\/wp-json\/wp\/v2\/media\/5441"}],"wp:attachment":[{"href":"https:\/\/www.rosarioalerta.com.ar\/site\/wp-json\/wp\/v2\/media?parent=5440"}],"wp:term":[{"taxonomy":"category","embeddable":true,"href":"https:\/\/www.rosarioalerta.com.ar\/site\/wp-json\/wp\/v2\/categories?post=5440"},{"taxonomy":"post_tag","embeddable":true,"href":"https:\/\/www.rosarioalerta.com.ar\/site\/wp-json\/wp\/v2\/tags?post=5440"}],"curies":[{"name":"wp","href":"https:\/\/api.w.org\/{rel}","templated":true}]}}