{"id":54,"date":"2021-06-10T22:22:01","date_gmt":"2021-06-11T01:22:01","guid":{"rendered":"http:\/\/tdi_6_6be"},"modified":"2021-06-10T22:22:03","modified_gmt":"2021-06-11T01:22:03","slug":"dell-will-invest-125-billion-in-china-over-next-5-years","status":"publish","type":"post","link":"https:\/\/www.rosarioalerta.com.ar\/site\/archivos\/54","title":{"rendered":"Una joven falleci\u00f3 producto de un siniestro vial"},"content":{"rendered":"\n<p>Tambi\u00e9n en la vecina localidad de&nbsp;<strong>Villa Gobernador G\u00e1lvez<\/strong>&nbsp;se produjo otro hecho fatal<\/p>\n\n\n\n<p>Cerca de las 21 de este domingo en cercan\u00edas de\u00a0<strong>Castro Barros al 5500<\/strong>, un Fiat Palo conducido por un hombre de 42 a\u00f1os, colisiona con una moto Keller, en la que se desplazaba\u00a0<strong>Andrea Paola Ayala<\/strong>. Al llegar personal del\u00a0<strong>SIES<\/strong>\u00a0la misma se encontraba sin signos vitales.<\/p>\n\n\n\n<p>Intervino la\u00a0<strong>Dra Mariana Prunotto de la Unidad de Homicidios Culposos<\/strong>, quien orden\u00f3 los tr\u00e1mites de rigor, para luego otorgarle la libertad al conductor del rodado mayor.<\/p>\n\n\n\n<p>\u2026<strong>mientras tanto<\/strong>\u2026 en&nbsp;<strong>Villa Gobernador G\u00e1lvez<\/strong>, desde el portal de noticias&nbsp;<strong>Conectamasradio.com.ar<\/strong>&nbsp;informaron que en horas de la noche de este domingo un siniestro vial tuvo lugar en&nbsp;<strong>Circunvalaci\u00f3n a la altura de la Bajada a calle C\u00f3rdoba<\/strong>, en el que particip\u00f3 un autom\u00f3vil conducido por una mujer de 31 a\u00f1os y un peat\u00f3n. La v\u00edctima falta fue identificada como;&nbsp;<strong>Iv\u00e1n Correa de 28 a\u00f1os&nbsp;<\/strong>y con domicilio en&nbsp;<strong>Rosario<\/strong>, al igual que la conductora del Ford Fiesta, quedando a disposici\u00f3n de la justicia en la&nbsp;<strong>Comisar\u00eda 29\u00ba<\/strong><\/p>\n\n\n\n<p>En cuanto a la conductora del rodado, seg\u00fan lo se\u00f1alado por el&nbsp;<strong>Gabinete Accidentol\u00f3gico de la AIC<\/strong>&nbsp;por orden de la&nbsp;<strong>Dra Prunotto de la Unidad de Homicidios Culposos<\/strong>&nbsp;se le practicaron los ex\u00e1menes de alcoholemia y alcoholuria, quedando en libertad por el&nbsp;<strong>art\u00edculo 218 del CPP<\/strong><\/p>\n","protected":false},"excerpt":{"rendered":"<p>Tambi\u00e9n en la vecina localidad de&nbsp;Villa Gobernador G\u00e1lvez&nbsp;se produjo otro hecho fatal Cerca de las 21 de este domingo en cercan\u00edas de\u00a0Castro Barros al 5500, un Fiat Palo conducido por un hombre de 42 a\u00f1os, colisiona con una moto Keller, en la que se desplazaba\u00a0Andrea Paola Ayala. Al llegar personal del\u00a0SIES\u00a0la misma se encontraba sin [&hellip;]<\/p>\n","protected":false},"author":1,"featured_media":297,"comment_status":"open","ping_status":"open","sticky":false,"template":"","format":"standard","meta":{"_joinchat":[],"footnotes":""},"categories":[10],"tags":[],"class_list":["post-54","post","type-post","status-publish","format-standard","has-post-thumbnail","hentry","category-siniestros-viales"],"_links":{"self":[{"href":"https:\/\/www.rosarioalerta.com.ar\/site\/wp-json\/wp\/v2\/posts\/54","targetHints":{"allow":["GET"]}}],"collection":[{"href":"https:\/\/www.rosarioalerta.com.ar\/site\/wp-json\/wp\/v2\/posts"}],"about":[{"href":"https:\/\/www.rosarioalerta.com.ar\/site\/wp-json\/wp\/v2\/types\/post"}],"author":[{"embeddable":true,"href":"https:\/\/www.rosarioalerta.com.ar\/site\/wp-json\/wp\/v2\/users\/1"}],"replies":[{"embeddable":true,"href":"https:\/\/www.rosarioalerta.com.ar\/site\/wp-json\/wp\/v2\/comments?post=54"}],"version-history":[{"count":2,"href":"https:\/\/www.rosarioalerta.com.ar\/site\/wp-json\/wp\/v2\/posts\/54\/revisions"}],"predecessor-version":[{"id":298,"href":"https:\/\/www.rosarioalerta.com.ar\/site\/wp-json\/wp\/v2\/posts\/54\/revisions\/298"}],"wp:featuredmedia":[{"embeddable":true,"href":"https:\/\/www.rosarioalerta.com.ar\/site\/wp-json\/wp\/v2\/media\/297"}],"wp:attachment":[{"href":"https:\/\/www.rosarioalerta.com.ar\/site\/wp-json\/wp\/v2\/media?parent=54"}],"wp:term":[{"taxonomy":"category","embeddable":true,"href":"https:\/\/www.rosarioalerta.com.ar\/site\/wp-json\/wp\/v2\/categories?post=54"},{"taxonomy":"post_tag","embeddable":true,"href":"https:\/\/www.rosarioalerta.com.ar\/site\/wp-json\/wp\/v2\/tags?post=54"}],"curies":[{"name":"wp","href":"https:\/\/api.w.org\/{rel}","templated":true}]}}