{"id":5333,"date":"2022-04-30T10:36:40","date_gmt":"2022-04-30T13:36:40","guid":{"rendered":"https:\/\/www.rosarioalerta.com.ar\/site\/?p=5333"},"modified":"2022-04-30T10:36:41","modified_gmt":"2022-04-30T13:36:41","slug":"piratas-del-asfalto","status":"publish","type":"post","link":"https:\/\/www.rosarioalerta.com.ar\/site\/archivos\/5333","title":{"rendered":"Piratas del asfalto"},"content":{"rendered":"\n<p><\/p>\n\n\n\n<p>Se robaron un cami\u00f3n con una carga valuada en 50 mil d\u00f3lares<\/p>\n\n\n\n<p>Ayer cerca del mediod\u00eda, un hombre, retira del puerto Rosario un conteiner que conten\u00eda una pala industrial cero kil\u00f3metro valuada en 50 mil d\u00f3lares, deb\u00eda trasladarla al <strong>Parque Industrial de Roldan<\/strong> y estaba en comunicaci\u00f3n con el propietario de la misma. Cerca del mediod\u00eda dialogan por celular y el chofer manifest\u00f3 estar atascado en un siniestro vial sobre <strong>Circunvalaci\u00f3n antes de llegar a Pellegrini,<\/strong> luego de eso no se tuvo m\u00e1s novedades ni del chofer, ni del cami\u00f3n, como tampoco de la carga.<\/p>\n\n\n\n<p>Tras la denuncia intervino el <strong>Dr Covani<\/strong> de la unidad de flagrancias en turno y orden\u00f3 la calificaci\u00f3n del robo como \u201c<em>pirater\u00eda de asfalto<\/em>\u201d para que se inicien las pertinentes medidas de rigor en busca del rodado<\/p>\n<div class=\"newspaper-x-tags\"><strong>TAGS: <\/strong><span><a href=\"https:\/\/www.rosarioalerta.com.ar\/site\/archivos\/tag\/inseguridad\" rel=\"tag\">inseguridad<\/a><\/span><a href=\"https:\/\/www.rosarioalerta.com.ar\/site\/archivos\/tag\/noticias-de-rosario\" rel=\"tag\">Noticias de Rosario<\/a><\/span><a href=\"https:\/\/www.rosarioalerta.com.ar\/site\/archivos\/tag\/perotti\" rel=\"tag\">Perotti<\/a><\/span><a href=\"https:\/\/www.rosarioalerta.com.ar\/site\/archivos\/tag\/rosario\" rel=\"tag\">Rosario<\/a><\/span><a href=\"https:\/\/www.rosarioalerta.com.ar\/site\/archivos\/tag\/santa-fe\" rel=\"tag\">Santa Fe<\/a> <\/div>","protected":false},"excerpt":{"rendered":"<p>Se robaron un cami\u00f3n con una carga valuada en 50 mil d\u00f3lares Ayer cerca del mediod\u00eda, un hombre, retira del puerto Rosario un conteiner que conten\u00eda una pala industrial cero kil\u00f3metro valuada en 50 mil d\u00f3lares, deb\u00eda trasladarla al Parque Industrial de Roldan y estaba en comunicaci\u00f3n con el propietario de la misma. Cerca del [&hellip;]<\/p>\n","protected":false},"author":2,"featured_media":5334,"comment_status":"open","ping_status":"open","sticky":false,"template":"","format":"standard","meta":{"_joinchat":[],"footnotes":""},"categories":[66,21,14,2],"tags":[54,95,24,55,65],"class_list":["post-5333","post","type-post","status-publish","format-standard","has-post-thumbnail","hentry","category-inseguridad","category-noticias","category-policiales","category-robos","tag-inseguridad","tag-noticias-de-rosario","tag-perotti","tag-rosario","tag-santa-fe"],"_links":{"self":[{"href":"https:\/\/www.rosarioalerta.com.ar\/site\/wp-json\/wp\/v2\/posts\/5333","targetHints":{"allow":["GET"]}}],"collection":[{"href":"https:\/\/www.rosarioalerta.com.ar\/site\/wp-json\/wp\/v2\/posts"}],"about":[{"href":"https:\/\/www.rosarioalerta.com.ar\/site\/wp-json\/wp\/v2\/types\/post"}],"author":[{"embeddable":true,"href":"https:\/\/www.rosarioalerta.com.ar\/site\/wp-json\/wp\/v2\/users\/2"}],"replies":[{"embeddable":true,"href":"https:\/\/www.rosarioalerta.com.ar\/site\/wp-json\/wp\/v2\/comments?post=5333"}],"version-history":[{"count":1,"href":"https:\/\/www.rosarioalerta.com.ar\/site\/wp-json\/wp\/v2\/posts\/5333\/revisions"}],"predecessor-version":[{"id":5335,"href":"https:\/\/www.rosarioalerta.com.ar\/site\/wp-json\/wp\/v2\/posts\/5333\/revisions\/5335"}],"wp:featuredmedia":[{"embeddable":true,"href":"https:\/\/www.rosarioalerta.com.ar\/site\/wp-json\/wp\/v2\/media\/5334"}],"wp:attachment":[{"href":"https:\/\/www.rosarioalerta.com.ar\/site\/wp-json\/wp\/v2\/media?parent=5333"}],"wp:term":[{"taxonomy":"category","embeddable":true,"href":"https:\/\/www.rosarioalerta.com.ar\/site\/wp-json\/wp\/v2\/categories?post=5333"},{"taxonomy":"post_tag","embeddable":true,"href":"https:\/\/www.rosarioalerta.com.ar\/site\/wp-json\/wp\/v2\/tags?post=5333"}],"curies":[{"name":"wp","href":"https:\/\/api.w.org\/{rel}","templated":true}]}}