{"id":5304,"date":"2022-04-28T16:49:25","date_gmt":"2022-04-28T19:49:25","guid":{"rendered":"https:\/\/www.rosarioalerta.com.ar\/site\/?p=5304"},"modified":"2022-04-28T16:49:25","modified_gmt":"2022-04-28T19:49:25","slug":"sain-vino-al-estado-a-hacer-cualquier-cosa-menos-mejorar-la-seguridad","status":"publish","type":"post","link":"https:\/\/www.rosarioalerta.com.ar\/site\/archivos\/5304","title":{"rendered":"\u201cSain vino al Estado a hacer cualquier cosa menos mejorar la seguridad\u201d"},"content":{"rendered":"\n<p><\/p>\n\n\n\n<p>El legislador radical Juan Cruz C\u00e1ndido celebr\u00f3 el avance en la denuncia que present\u00f3 junto a otros legisladores provinciales donde se investiga al ex ministro de Seguridad Marcelo Sain.<\/p>\n\n\n\n<p>Tras conocerse la doble imputaci\u00f3n al ex ministro de Seguridad Marcelo Sain y a otros ex funcionarios en la causa que investiga el direccionamiento de una licitaci\u00f3n para la compra de armas para la Polic\u00eda de Santa Fe implicando una defraudaci\u00f3n tentativa de m\u00e1s de 17 millones de d\u00f3lares, el diputado provincial de UCR Evoluci\u00f3n, Juan Cruz \u201cCacu\u201d C\u00e1ndido, se expres\u00f3 a favor del avance del accionar de los fiscales Mariela Jim\u00e9nez y Miguel Hern\u00e1ndez, \u201cla doble imputaci\u00f3n a Sain y a sus funcionarios es un paso m\u00e1s en defensa de los santafesinos. La gesti\u00f3n de Sain dej\u00f3 en evidencia que no ven\u00edan a mejorar la seguridad p\u00fablica sino que persegu\u00edan otros intereses\u201d. Los funcionarios fueron imputados por \u201cNegociaciones incompatibles con la funci\u00f3n p\u00fablica\u201d y \u201cTentativa de defraudaci\u00f3n a la administraci\u00f3n p\u00fablica provincial\u201d.<\/p>\n\n\n\n<p>\u201cVinieron al Estado a hacer cualquier cosa menos lo que ten\u00edan que hacer, que era gestionar la seguridad p\u00fablica. Los resultados est\u00e1n a la vista: m\u00e1s violencia, m\u00e1s delito. El gobernador en parte es responsable por haberlo sostenido pese al fracaso\u201d se\u00f1al\u00f3 C\u00e1ndido. Y record\u00f3 que cuando presentaron la denuncia en marzo de 2021 junto a los legisladores provinciales Esteban Lenci, Rosana Bellatti y Lionela Cattalini \u201cest\u00e1bamos en lo correcto pese a los agravios que recibimos por parte del oficialismo\u201d.<\/p>\n\n\n\n<p>Por otro lado, el diputado provincial record\u00f3 que \u201cmientras los santafesinos est\u00e1bamos encerrados y los \u00edndices de violencia no paraban de aumentar, el ministro Sain y su equipo estaban viendo c\u00f3mo acomodar una licitaci\u00f3n a medida de una empresa amiga y hasta se daban el lujo de insultar a nuestra provincia, mientras que el gobernador miraba para otro lado y sosten\u00eda al gabinete de seguridad a pesar de las denuncias y los evidentes fracasos\u201d.<\/p>\n\n\n\n<p><strong>La denuncia y la imputaci\u00f3n<\/strong><\/p>\n\n\n\n<p>La denuncia que dio origen a las imputaciones fue presentada en marzo del 2021 por los legisladores Juan Cruz C\u00e1ndido (UCR Evoluci\u00f3n), Lionela Cattalini, Esteban Lenci y Rosana Bellati (PS). En la misma se\u00f1alaron que hab\u00eda una sospecha de direccionamiento de la licitaci\u00f3n para la compra de armas para la Polic\u00eda de Santa Fe ya que de la forma en que estaba armado el pliego, solo una empresa intermediaria estaba en condiciones de presentarse. Adem\u00e1s explicaron en ese entonces que las descripciones de las armas que pretend\u00eda adquirir el estado eran iguales a las del cat\u00e1logo de la empresa israel\u00ed que representaba la intermediar\u00eda.<\/p>\n\n\n\n<p>Tras m\u00e1s de un a\u00f1o de investigaci\u00f3n, los fiscales Mariela Jim\u00e9nez y Miguel Hern\u00e1ndez imputaron este jueves al ex ministro de Seguridad Marcelo Sain, al ex secretario de Seguridad P\u00fablica Germ\u00e1n Montenegro y al ex subsecretario de Gesti\u00f3n T\u00e9cnica y Administrativo Financiera Maximiliano Novas y les atribuyeron la coautor\u00eda de los delitos de \u201cnegociaciones incompatibles con el cargo\u201d y \u201ctentativa de defraudaci\u00f3n a la administraci\u00f3n p\u00fablica provincial\u201d.\u00a0 En la audiencia, la Fiscal\u00eda sostuvo que los tres imputados realizaron \u201cmaniobras defraudatorias en el marco de la licitaci\u00f3n p\u00fablica para la compra de armas con el objetivo de beneficiar indebidamente al grupo empresario Emprendimientos Grupo Patag\u00f3nico SRL\u201d.<\/p>\n\n\n\n<figure class=\"wp-block-embed is-type-video is-provider-youtube wp-block-embed-youtube wp-embed-aspect-16-9 wp-has-aspect-ratio\"><div class=\"wp-block-embed__wrapper\">\n<div class=\"newspaper-x-video-container\"><iframe loading=\"lazy\" title=\"#DelitosComplejos | Imputaron a un exministro de Seguridad de la Provincia y a dos exfuncionarios\" width=\"750\" height=\"422\" src=\"https:\/\/www.youtube.com\/embed\/vcSBLT76Dvs?feature=oembed\" frameborder=\"0\" allow=\"accelerometer; autoplay; clipboard-write; encrypted-media; gyroscope; picture-in-picture; web-share\" referrerpolicy=\"strict-origin-when-cross-origin\" allowfullscreen><\/iframe><\/div>\n<\/div><\/figure>\n\n\n\n<p><strong>Perjuicio para el erario p\u00fablico<\/strong><\/p>\n\n\n\n<p>La Fiscal\u00eda precis\u00f3 que el monto total de la adjudicaci\u00f3n fraudulenta que intentaron los tres exfuncionarios fue de 17.103.543,60 d\u00f3lares. Por su parte, en funci\u00f3n de las evidencias recolectadas, se estim\u00f3 que el perjuicio para el erario p\u00fablico hubiera sido de entre 2.814.000 y 8.274.000 de d\u00f3lares.<\/p>\n\n\n\n<p><strong>Calificaciones penales<\/strong><\/p>\n\n\n\n<p>La Fiscal\u00eda atribuy\u00f3 a los tres imputados las mismas calificaciones penales: coautor\u00eda de los delitos de negociaciones incompatibles con el cargo, en concurso ideal con tentativa de defraudaci\u00f3n contra la Administraci\u00f3n P\u00fablica por administraci\u00f3n fraudulenta.<\/p>\n\n\n\n<p><strong>Cuarta imputaci\u00f3n<\/strong><\/p>\n\n\n\n<p>Ma\u00f1ana, en tanto, se realizar\u00e1 la cuarta imputaci\u00f3n. La persona investigada es un exjefe de la Divisi\u00f3n Log\u00edstica de la polic\u00eda provincia, cuyas iniciales son MLC.<\/p>\n<div class=\"newspaper-x-tags\"><strong>TAGS: <\/strong><span><a href=\"https:\/\/www.rosarioalerta.com.ar\/site\/archivos\/tag\/inseguridad\" rel=\"tag\">inseguridad<\/a><\/span><a href=\"https:\/\/www.rosarioalerta.com.ar\/site\/archivos\/tag\/noticias-de-rosario\" rel=\"tag\">Noticias de Rosario<\/a><\/span><a href=\"https:\/\/www.rosarioalerta.com.ar\/site\/archivos\/tag\/rosario\" rel=\"tag\">Rosario<\/a><\/span><a href=\"https:\/\/www.rosarioalerta.com.ar\/site\/archivos\/tag\/santa-fe\" rel=\"tag\">Santa Fe<\/a> <\/div>","protected":false},"excerpt":{"rendered":"<p>El legislador radical Juan Cruz C\u00e1ndido celebr\u00f3 el avance en la denuncia que present\u00f3 junto a otros legisladores provinciales donde se investiga al ex ministro de Seguridad Marcelo Sain. Tras conocerse la doble imputaci\u00f3n al ex ministro de Seguridad Marcelo Sain y a otros ex funcionarios en la causa que investiga el direccionamiento de una [&hellip;]<\/p>\n","protected":false},"author":2,"featured_media":5305,"comment_status":"open","ping_status":"open","sticky":false,"template":"","format":"standard","meta":{"_joinchat":[],"footnotes":""},"categories":[18,13,21],"tags":[54,95,55,65],"class_list":["post-5304","post","type-post","status-publish","format-standard","has-post-thumbnail","hentry","category-institucional","category-judiciales","category-noticias","tag-inseguridad","tag-noticias-de-rosario","tag-rosario","tag-santa-fe"],"_links":{"self":[{"href":"https:\/\/www.rosarioalerta.com.ar\/site\/wp-json\/wp\/v2\/posts\/5304","targetHints":{"allow":["GET"]}}],"collection":[{"href":"https:\/\/www.rosarioalerta.com.ar\/site\/wp-json\/wp\/v2\/posts"}],"about":[{"href":"https:\/\/www.rosarioalerta.com.ar\/site\/wp-json\/wp\/v2\/types\/post"}],"author":[{"embeddable":true,"href":"https:\/\/www.rosarioalerta.com.ar\/site\/wp-json\/wp\/v2\/users\/2"}],"replies":[{"embeddable":true,"href":"https:\/\/www.rosarioalerta.com.ar\/site\/wp-json\/wp\/v2\/comments?post=5304"}],"version-history":[{"count":1,"href":"https:\/\/www.rosarioalerta.com.ar\/site\/wp-json\/wp\/v2\/posts\/5304\/revisions"}],"predecessor-version":[{"id":5306,"href":"https:\/\/www.rosarioalerta.com.ar\/site\/wp-json\/wp\/v2\/posts\/5304\/revisions\/5306"}],"wp:featuredmedia":[{"embeddable":true,"href":"https:\/\/www.rosarioalerta.com.ar\/site\/wp-json\/wp\/v2\/media\/5305"}],"wp:attachment":[{"href":"https:\/\/www.rosarioalerta.com.ar\/site\/wp-json\/wp\/v2\/media?parent=5304"}],"wp:term":[{"taxonomy":"category","embeddable":true,"href":"https:\/\/www.rosarioalerta.com.ar\/site\/wp-json\/wp\/v2\/categories?post=5304"},{"taxonomy":"post_tag","embeddable":true,"href":"https:\/\/www.rosarioalerta.com.ar\/site\/wp-json\/wp\/v2\/tags?post=5304"}],"curies":[{"name":"wp","href":"https:\/\/api.w.org\/{rel}","templated":true}]}}