{"id":52,"date":"2021-06-06T13:55:15","date_gmt":"2021-06-06T16:55:15","guid":{"rendered":"http:\/\/tdi_4_06f"},"modified":"2021-06-10T13:25:22","modified_gmt":"2021-06-10T16:25:22","slug":"easy-breakfast-4-healthy-smoothie-bowl-recipes-to-start","status":"publish","type":"post","link":"https:\/\/www.rosarioalerta.com.ar\/site\/archivos\/52","title":{"rendered":"Un adolescente herido tras resistirse a un asalto"},"content":{"rendered":"\n<p>No fue el \u00fanico caso, en la zona sur de Rosario tambi\u00e9n hubo un herido<\/p>\n\n\n\n<p>Pasada la medianoche en la zona del\u00a0<strong>Remanso Valerio<\/strong>\u00a0era baleado,\u00a0<strong>Sergio S de 16 a\u00f1os,<\/strong>\u00a0tras ser asaltado. Su madre lo subi\u00f3 en un remis y lo traslad\u00f3 al\u00a0<strong>Hospital Eva Per\u00f3n<\/strong>, donde le diagnosticaron que ten\u00eda un impacto en el om\u00f3plato izquierdo, con orificio de entrada y salida, quedando internado en grave estado.<\/p>\n\n\n\n<p>\u2026<strong>momentos antes<\/strong>\u2026 en inmediaciones de&nbsp;<strong>Esteban de Luca y Corrientes<\/strong>, se produjo una balacera por motivos que se ignoran, resultando herido un joven de 24 a\u00f1os, quien fue asistido por el&nbsp;<strong>SIES<\/strong>&nbsp;y trasladado al&nbsp;<strong>Hospital Roque S\u00e1enz Pe\u00f1a<\/strong>, con heridas de bala en miembros inferiores, quedando en observaci\u00f3n fuera de peligro. Las actuaciones quedaron a cargo de la&nbsp;<strong>Comisar\u00eda 15\u00ba, de la escena recogieron 4 vainas servidas calibre 9mm.<\/strong><\/p>\n\n\n\n<p><strong>\u2026finalmente\u2026&nbsp;<\/strong>en horas de la madrugada en<strong>&nbsp;Maradona al 6100<\/strong>, un hombre de 41 a\u00f1os fue atendido por el&nbsp;<strong>SIES&nbsp;<\/strong>tras ser apu\u00f1alado por varias personas, mientras se encontraba en la puerta de su casa. Lo trasladaron al<strong>&nbsp;HECA&nbsp;<\/strong>presentando una herida cortopunzante en la regi\u00f3n dorsal derecha, quedando en observaci\u00f3n<\/p>\n","protected":false},"excerpt":{"rendered":"<p>No fue el \u00fanico caso, en la zona sur de Rosario tambi\u00e9n hubo un herido Pasada la medianoche en la zona del\u00a0Remanso Valerio\u00a0era baleado,\u00a0Sergio S de 16 a\u00f1os,\u00a0tras ser asaltado. Su madre lo subi\u00f3 en un remis y lo traslad\u00f3 al\u00a0Hospital Eva Per\u00f3n, donde le diagnosticaron que ten\u00eda un impacto en el om\u00f3plato izquierdo, con [&hellip;]<\/p>\n","protected":false},"author":1,"featured_media":224,"comment_status":"open","ping_status":"open","sticky":false,"template":"","format":"standard","meta":{"_joinchat":[],"footnotes":""},"categories":[2],"tags":[],"class_list":["post-52","post","type-post","status-publish","format-standard","has-post-thumbnail","hentry","category-robos"],"_links":{"self":[{"href":"https:\/\/www.rosarioalerta.com.ar\/site\/wp-json\/wp\/v2\/posts\/52","targetHints":{"allow":["GET"]}}],"collection":[{"href":"https:\/\/www.rosarioalerta.com.ar\/site\/wp-json\/wp\/v2\/posts"}],"about":[{"href":"https:\/\/www.rosarioalerta.com.ar\/site\/wp-json\/wp\/v2\/types\/post"}],"author":[{"embeddable":true,"href":"https:\/\/www.rosarioalerta.com.ar\/site\/wp-json\/wp\/v2\/users\/1"}],"replies":[{"embeddable":true,"href":"https:\/\/www.rosarioalerta.com.ar\/site\/wp-json\/wp\/v2\/comments?post=52"}],"version-history":[{"count":2,"href":"https:\/\/www.rosarioalerta.com.ar\/site\/wp-json\/wp\/v2\/posts\/52\/revisions"}],"predecessor-version":[{"id":225,"href":"https:\/\/www.rosarioalerta.com.ar\/site\/wp-json\/wp\/v2\/posts\/52\/revisions\/225"}],"wp:featuredmedia":[{"embeddable":true,"href":"https:\/\/www.rosarioalerta.com.ar\/site\/wp-json\/wp\/v2\/media\/224"}],"wp:attachment":[{"href":"https:\/\/www.rosarioalerta.com.ar\/site\/wp-json\/wp\/v2\/media?parent=52"}],"wp:term":[{"taxonomy":"category","embeddable":true,"href":"https:\/\/www.rosarioalerta.com.ar\/site\/wp-json\/wp\/v2\/categories?post=52"},{"taxonomy":"post_tag","embeddable":true,"href":"https:\/\/www.rosarioalerta.com.ar\/site\/wp-json\/wp\/v2\/tags?post=52"}],"curies":[{"name":"wp","href":"https:\/\/api.w.org\/{rel}","templated":true}]}}