{"id":5188,"date":"2022-04-22T18:52:36","date_gmt":"2022-04-22T21:52:36","guid":{"rendered":"https:\/\/www.rosarioalerta.com.ar\/site\/?p=5188"},"modified":"2022-04-22T18:52:37","modified_gmt":"2022-04-22T21:52:37","slug":"un-joven-esta-grave-tras-ser-baleado","status":"publish","type":"post","link":"https:\/\/www.rosarioalerta.com.ar\/site\/archivos\/5188","title":{"rendered":"Un joven est\u00e1 grave tras ser baleado"},"content":{"rendered":"\n<p><\/p>\n\n\n\n<p>Ocurri\u00f3 pasado este mediod\u00eda en la zona oeste<\/p>\n\n\n\n<p>Cerca de las 13, ingres\u00f3 al <strong>Hospital de Emergencias Clemente \u00c1lvarez (HECA)<\/strong> trasladado en un veh\u00edculo particular, el llamado <strong>Alexis David S de 27 a\u00f1os, <\/strong>con un impacto de bala en la regi\u00f3n tor\u00e1cica.<\/p>\n\n\n\n<p>De las primeras informaciones se desprende que la v\u00edctima habr\u00eda sido atacada en cercan\u00edas de <strong>Tte. Agneta y Cerrito<\/strong>, por motivos que se ignora. Su estado de salud es cr\u00edtico, se encuentra intubado en la sala de cuidados intensivos y las actuaciones por razones de jurisdicci\u00f3n recayeron en la <strong>Comisar\u00eda 19\u00ba<\/strong><\/p>\n<div class=\"newspaper-x-tags\"><strong>TAGS: <\/strong><span><a href=\"https:\/\/www.rosarioalerta.com.ar\/site\/archivos\/tag\/balaceras\" rel=\"tag\">Balaceras<\/a><\/span><a href=\"https:\/\/www.rosarioalerta.com.ar\/site\/archivos\/tag\/inseguridad\" rel=\"tag\">inseguridad<\/a><\/span><a href=\"https:\/\/www.rosarioalerta.com.ar\/site\/archivos\/tag\/noticias-de-rosario\" rel=\"tag\">Noticias de Rosario<\/a><\/span><a href=\"https:\/\/www.rosarioalerta.com.ar\/site\/archivos\/tag\/perotti\" rel=\"tag\">Perotti<\/a><\/span><a href=\"https:\/\/www.rosarioalerta.com.ar\/site\/archivos\/tag\/rosario\" rel=\"tag\">Rosario<\/a><\/span><a href=\"https:\/\/www.rosarioalerta.com.ar\/site\/archivos\/tag\/santa-fe\" rel=\"tag\">Santa Fe<\/a> <\/div>","protected":false},"excerpt":{"rendered":"<p>Ocurri\u00f3 pasado este mediod\u00eda en la zona oeste Cerca de las 13, ingres\u00f3 al Hospital de Emergencias Clemente \u00c1lvarez (HECA) trasladado en un veh\u00edculo particular, el llamado Alexis David S de 27 a\u00f1os, con un impacto de bala en la regi\u00f3n tor\u00e1cica. De las primeras informaciones se desprende que la v\u00edctima habr\u00eda sido atacada en [&hellip;]<\/p>\n","protected":false},"author":2,"featured_media":4436,"comment_status":"open","ping_status":"open","sticky":false,"template":"","format":"standard","meta":{"_joinchat":[],"footnotes":""},"categories":[15,17,66,21,14],"tags":[68,54,95,24,55,65],"class_list":["post-5188","post","type-post","status-publish","format-standard","has-post-thumbnail","hentry","category-balaceras","category-heridos","category-inseguridad","category-noticias","category-policiales","tag-balaceras","tag-inseguridad","tag-noticias-de-rosario","tag-perotti","tag-rosario","tag-santa-fe"],"_links":{"self":[{"href":"https:\/\/www.rosarioalerta.com.ar\/site\/wp-json\/wp\/v2\/posts\/5188","targetHints":{"allow":["GET"]}}],"collection":[{"href":"https:\/\/www.rosarioalerta.com.ar\/site\/wp-json\/wp\/v2\/posts"}],"about":[{"href":"https:\/\/www.rosarioalerta.com.ar\/site\/wp-json\/wp\/v2\/types\/post"}],"author":[{"embeddable":true,"href":"https:\/\/www.rosarioalerta.com.ar\/site\/wp-json\/wp\/v2\/users\/2"}],"replies":[{"embeddable":true,"href":"https:\/\/www.rosarioalerta.com.ar\/site\/wp-json\/wp\/v2\/comments?post=5188"}],"version-history":[{"count":1,"href":"https:\/\/www.rosarioalerta.com.ar\/site\/wp-json\/wp\/v2\/posts\/5188\/revisions"}],"predecessor-version":[{"id":5189,"href":"https:\/\/www.rosarioalerta.com.ar\/site\/wp-json\/wp\/v2\/posts\/5188\/revisions\/5189"}],"wp:featuredmedia":[{"embeddable":true,"href":"https:\/\/www.rosarioalerta.com.ar\/site\/wp-json\/wp\/v2\/media\/4436"}],"wp:attachment":[{"href":"https:\/\/www.rosarioalerta.com.ar\/site\/wp-json\/wp\/v2\/media?parent=5188"}],"wp:term":[{"taxonomy":"category","embeddable":true,"href":"https:\/\/www.rosarioalerta.com.ar\/site\/wp-json\/wp\/v2\/categories?post=5188"},{"taxonomy":"post_tag","embeddable":true,"href":"https:\/\/www.rosarioalerta.com.ar\/site\/wp-json\/wp\/v2\/tags?post=5188"}],"curies":[{"name":"wp","href":"https:\/\/api.w.org\/{rel}","templated":true}]}}