{"id":5001,"date":"2022-04-13T12:44:03","date_gmt":"2022-04-13T15:44:03","guid":{"rendered":"https:\/\/www.rosarioalerta.com.ar\/site\/?p=5001"},"modified":"2022-04-13T12:44:55","modified_gmt":"2022-04-13T15:44:55","slug":"sain-de-senalar-a-senalado","status":"publish","type":"post","link":"https:\/\/www.rosarioalerta.com.ar\/site\/archivos\/5001","title":{"rendered":"Sain: De se\u00f1alar a se\u00f1alado"},"content":{"rendered":"\n<p><\/p>\n\n\n\n<p>La justicia santafesina sentar\u00e1 el pr\u00f3ximo martes en el banquillo de los acusados al ex Ministro Marcelo Sa\u00edn y a sus dos principales colaboradores, por haber intentado comprar armas a una empresa israel\u00ed intermediaria, en perjuicio de la argentina, Bersa S.A. La imputaci\u00f3n ser\u00e1 la primera de varias otras que se preanuncian en una profusa investigaci\u00f3n que lleva adelante la misma fiscal\u00eda de delitos complejos. Un a\u00f1o despu\u00e9s de su salida del ministerio, tendr\u00e1 que rendir cuentas por el intento de malversar fondos p\u00fablicos, con un tema tan sensible y urgente como las armas para la polic\u00eda.<\/p>\n\n\n\n<p>Santa Fe es un tendal de muertos. La Polic\u00eda dice, y no hay quien lo discuta, que no tiene equipamientos para combatir ning\u00fan delito: ni armas nuevas, ni nuevos patrulleros, ni nafta para cargar los tanques de los patrulleros, ni dinero para reparar centenares de veh\u00edculos abandonados en distintas dependencias de la polic\u00eda. La situaci\u00f3n es a\u00fan m\u00e1s inexplicable, ya que esta semana se conoci\u00f3 que la cartera \u00abahorr\u00f3\u00bb 310 millones en equipamientos, que no fueron ejecutados en 2021.<\/p>\n\n\n\n<p id=\"inline-ad-0\">El principal responsable de este desorden es el Ministro Jorge Lagna, claro, pero qui\u00e9n comenz\u00f3 el desorden fue su antecesor Marcelo Sa\u00edn. <strong>El Ministro estrella de Omar Perotti que lleg\u00f3 con las banderas de la \u00abReforma Policial\u00bb y termin\u00f3 humillando a todos los integrantes de la fuerza, a los que no dud\u00f3 en llamarlos \u00abnegros cabezas\u00bb en uno de los tantos audios de WhatsApp que se \u00able escapaban\u00bb y llegaban a los tel\u00e9fonos de los periodistas.<\/strong><\/p>\n\n\n\n<p>Mientras intentaba sacar leyes sin consenso,<strong> Sa\u00edn se dedic\u00f3 \u2013 y est\u00e1 pr\u00f3xima su imputaci\u00f3n por ese delito- a organizar una especie de Organismo de espionaje de jueces, pol\u00edticos, periodistas y familiares de los mismos, con el objetivo de armar \u00abcarpetazos\u00bb. Se sirvi\u00f3 de toda la estructura del Ministerios, m\u00e1s las relaciones con ex subordinados en el MPA, que confesaron que \u00able hac\u00edan trabajos al jefe\u00bb, desde otro poder.<\/strong><\/p>\n\n\n\n<p>Sa\u00edn no s\u00f3lo contaba con miles de millones de pesos de gastos reservados para cumplir con esa tarea, sino que manten\u00eda a un ej\u00e9rcito de comunicadores en Santa Fe y Rosario, que se encargaban de descalificar a todos los que se opon\u00edan. Adem\u00e1s, y esto es lo que provocar\u00e1 su primera citaci\u00f3n en calidad de imputado, intent\u00f3 comprar armas y motos de manera irregular: En armas, solamente, intent\u00f3 llevar adelante una licitaci\u00f3n armada para una empresa israel\u00ed (curiosamente vinculada a la venta de equipos sofisticados de espionaje) a la que directamente le copiaron y pegaron las caracter\u00edsticas de las armas que vend\u00edan, para armar los pliegos. La primera reacci\u00f3n fue de la empresa argentina Bersa S.A, que impugn\u00f3 la licitaci\u00f3n porque se ve\u00eda \u00abimpedida de participar, por las condiciones de los pliegos\u00bb. Luego, el Tribunal de Cuentas objet\u00f3 la operaci\u00f3n, y finalmente el Ministro de Econom\u00eda, Walter Agosto, dispuso la suspensi\u00f3n. En el medio, los diputados C\u00e1ndido y Catalini, hab\u00edan realizado un pedido de informes, y presentaron una denuncia penal por presuntas irregularidades. A los pocos d\u00edas de la denuncia, Sa\u00edn renunci\u00f3 al Ministerio, y luego fue destituido de su cargo en el MPA, por la legislatura santafesina.<\/p>\n\n\n\n<p>La compra de armas se dio por ca\u00edda en octubre del 2021. <strong>Finalmente,un hecho de corrupci\u00f3n dej\u00f3 sin equipamiento nuevo a la polic\u00eda.<\/strong> Los resultados son catastr\u00f3ficos: los agentes no tienen recursos para enfrentar al delito creciente, y en los cordones de la capital y Rosario, el enfrentamiento entre bandas del narcotr\u00e1fico volvieron a retomar el dominio de los territorios y ordenan cr\u00edmenes desde la c\u00e1rcel.<\/p>\n\n\n\n<p>Al final, Sa\u00edn, que sostuvo un discurso \u00abprogre\u00bb y que impuls\u00f3 al gobernador Perotti a enfrentamientos con propios y extra\u00f1os, inventando causas y lanzando acusaciones contra dirigentes del peronismo y la oposici\u00f3n, sin dar ninguna prueba ni presentar ninguna denuncia, terminar\u00e1 siendo imputado por querer robar dinero de las arcas santafesinas. Su expl\u00edcita sociedad con algunos fiscales, puso en riesgo la estabilidad institucional de la provincia, y la gobernabilidad de Perotti. Si las cosas no pasaron a mayores, fue por la prudencia de la oposici\u00f3n, no por m\u00e9ritos del primer mandatario.<\/p>\n\n\n\n<p>Ni m\u00e1s ni menos que en seguridad. Ni m\u00e1s ni menos que en un \u00e1rea que necesitaba todo lo contrario.<\/p>\n\n\n\n<p>A Sa\u00edn, seguramente, se lo juzgar\u00e1 por otros delitos. Tambi\u00e9n se lo escuchar\u00e1 defenderse desde las excusas del \u00abLaw-Fare\u00bb y seguir\u00e1 lanzando acusaciones que nunca tienen correlato con pruebas.<\/p>\n\n\n\n<p>Al final, ese ministro boc\u00f3n, ese esp\u00eda desprolijo, ese supuesto acad\u00e9mico que puso en marcha un esquema de espionaje estatal sin antecedentes en la democracia santafesina, era adem\u00e1s, un ladr\u00f3n.<\/p>\n\n\n\n<p>Por <a href=\"https:\/\/twitter.com\/ocherep?s=20&amp;t=JTy95RcXXiC-nGMjxvxSRA\" data-type=\"URL\" data-id=\"https:\/\/twitter.com\/ocherep?s=20&amp;t=JTy95RcXXiC-nGMjxvxSRA\">@ocherep<\/a><\/p>\n<div class=\"newspaper-x-tags\"><strong>TAGS: <\/strong><span><a href=\"https:\/\/www.rosarioalerta.com.ar\/site\/archivos\/tag\/inseguridad\" rel=\"tag\">inseguridad<\/a><\/span><a href=\"https:\/\/www.rosarioalerta.com.ar\/site\/archivos\/tag\/santa-fe\" rel=\"tag\">Santa Fe<\/a> <\/div>","protected":false},"excerpt":{"rendered":"<p>La justicia santafesina sentar\u00e1 el pr\u00f3ximo martes en el banquillo de los acusados al ex Ministro Marcelo Sa\u00edn y a sus dos principales colaboradores, por haber intentado comprar armas a una empresa israel\u00ed intermediaria, en perjuicio de la argentina, Bersa S.A. La imputaci\u00f3n ser\u00e1 la primera de varias otras que se preanuncian en una profusa [&hellip;]<\/p>\n","protected":false},"author":1,"featured_media":5002,"comment_status":"open","ping_status":"open","sticky":false,"template":"","format":"standard","meta":{"_joinchat":[],"footnotes":""},"categories":[18,13,21],"tags":[54,65],"class_list":["post-5001","post","type-post","status-publish","format-standard","has-post-thumbnail","hentry","category-institucional","category-judiciales","category-noticias","tag-inseguridad","tag-santa-fe"],"_links":{"self":[{"href":"https:\/\/www.rosarioalerta.com.ar\/site\/wp-json\/wp\/v2\/posts\/5001","targetHints":{"allow":["GET"]}}],"collection":[{"href":"https:\/\/www.rosarioalerta.com.ar\/site\/wp-json\/wp\/v2\/posts"}],"about":[{"href":"https:\/\/www.rosarioalerta.com.ar\/site\/wp-json\/wp\/v2\/types\/post"}],"author":[{"embeddable":true,"href":"https:\/\/www.rosarioalerta.com.ar\/site\/wp-json\/wp\/v2\/users\/1"}],"replies":[{"embeddable":true,"href":"https:\/\/www.rosarioalerta.com.ar\/site\/wp-json\/wp\/v2\/comments?post=5001"}],"version-history":[{"count":2,"href":"https:\/\/www.rosarioalerta.com.ar\/site\/wp-json\/wp\/v2\/posts\/5001\/revisions"}],"predecessor-version":[{"id":5004,"href":"https:\/\/www.rosarioalerta.com.ar\/site\/wp-json\/wp\/v2\/posts\/5001\/revisions\/5004"}],"wp:featuredmedia":[{"embeddable":true,"href":"https:\/\/www.rosarioalerta.com.ar\/site\/wp-json\/wp\/v2\/media\/5002"}],"wp:attachment":[{"href":"https:\/\/www.rosarioalerta.com.ar\/site\/wp-json\/wp\/v2\/media?parent=5001"}],"wp:term":[{"taxonomy":"category","embeddable":true,"href":"https:\/\/www.rosarioalerta.com.ar\/site\/wp-json\/wp\/v2\/categories?post=5001"},{"taxonomy":"post_tag","embeddable":true,"href":"https:\/\/www.rosarioalerta.com.ar\/site\/wp-json\/wp\/v2\/tags?post=5001"}],"curies":[{"name":"wp","href":"https:\/\/api.w.org\/{rel}","templated":true}]}}