{"id":4822,"date":"2022-04-03T22:25:09","date_gmt":"2022-04-04T01:25:09","guid":{"rendered":"https:\/\/www.rosarioalerta.com.ar\/site\/?p=4822"},"modified":"2022-04-03T22:25:10","modified_gmt":"2022-04-04T01:25:10","slug":"al-menos-tres-heridos-dejo-este-domingo","status":"publish","type":"post","link":"https:\/\/www.rosarioalerta.com.ar\/site\/archivos\/4822","title":{"rendered":"Al menos tres heridos dej\u00f3 este domingo"},"content":{"rendered":"\n<p><\/p>\n\n\n\n<p>Dos v\u00edctimas presentaban heridas por arma blanca, la restante impactos de bala<\/p>\n\n\n\n<p>Una nueva balacera tuvo lugar en inmediaciones de <strong>Bielsa al 5400<\/strong>, donde d\u00edas atr\u00e1s tambi\u00e9n hubo casos de abuso de arma. En esta oportunidad, gatilleros armados a bordo de una moto, atentaron contra un joven de 28 a\u00f1os, al que hirieron en las piernas. Personal del <strong>SIES<\/strong> asisti\u00f3 a la v\u00edctima y la traslad\u00f3 al <strong>Hospital Eva Per\u00f3n<\/strong> con impactos de bala en extremidades superiores e inferiores, siendo su pron\u00f3stico de salud reservado.<\/p>\n\n\n\n<p>Las actuaciones recayeron en la <strong>Comisar\u00eda 12\u00ba<\/strong><\/p>\n\n\n\n<p>\u2026<strong>mientras tanto<\/strong>\u2026 en <strong>A. Magaldi y Nochetto<\/strong>, fue asistida por el <strong>SIES<\/strong> una joven de 31 a\u00f1os, que presentaba una herida punzocortante en t\u00f3rax. Fue trasladada al <strong>Hospital de Emergencias Clemente \u00c1lvarez (HECA)<\/strong> para quedar internada en observaci\u00f3n.<\/p>\n\n\n\n<p>El caso es investigado por el personal de la <strong>Sub Comisar\u00eda 22\u00ba<\/strong> por razones de jurisdicci\u00f3n<\/p>\n\n\n\n<p>\u2026<strong>finalmente<\/strong>\u2026 en un pleito vecinal, que tuvo como escenario las cercan\u00edas de <strong>Rueda al 1400<\/strong>, un hombre de 34 a\u00f1os, resulta herido con un arma blanca. Personal del <strong>SIES<\/strong> lo asiste y deriva al <strong>HECA<\/strong> donde ingresa a quir\u00f3fano con una herida punzo cortante en abdomen derecho, quedando internado en observaci\u00f3n<\/p>\n<div class=\"newspaper-x-tags\"><strong>TAGS: <\/strong><span><a href=\"https:\/\/www.rosarioalerta.com.ar\/site\/archivos\/tag\/balaceras\" rel=\"tag\">Balaceras<\/a><\/span><a href=\"https:\/\/www.rosarioalerta.com.ar\/site\/archivos\/tag\/inseguridad\" rel=\"tag\">inseguridad<\/a><\/span><a href=\"https:\/\/www.rosarioalerta.com.ar\/site\/archivos\/tag\/noticias-de-rosario\" rel=\"tag\">Noticias de Rosario<\/a><\/span><a href=\"https:\/\/www.rosarioalerta.com.ar\/site\/archivos\/tag\/perotti\" rel=\"tag\">Perotti<\/a><\/span><a href=\"https:\/\/www.rosarioalerta.com.ar\/site\/archivos\/tag\/rosario\" rel=\"tag\">Rosario<\/a><\/span><a href=\"https:\/\/www.rosarioalerta.com.ar\/site\/archivos\/tag\/santa-fe\" rel=\"tag\">Santa Fe<\/a> <\/div>","protected":false},"excerpt":{"rendered":"<p>Dos v\u00edctimas presentaban heridas por arma blanca, la restante impactos de bala Una nueva balacera tuvo lugar en inmediaciones de Bielsa al 5400, donde d\u00edas atr\u00e1s tambi\u00e9n hubo casos de abuso de arma. En esta oportunidad, gatilleros armados a bordo de una moto, atentaron contra un joven de 28 a\u00f1os, al que hirieron en las [&hellip;]<\/p>\n","protected":false},"author":1,"featured_media":4823,"comment_status":"open","ping_status":"open","sticky":false,"template":"","format":"standard","meta":{"_joinchat":[],"footnotes":""},"categories":[15,17,66,21,14],"tags":[68,54,95,24,55,65],"class_list":["post-4822","post","type-post","status-publish","format-standard","has-post-thumbnail","hentry","category-balaceras","category-heridos","category-inseguridad","category-noticias","category-policiales","tag-balaceras","tag-inseguridad","tag-noticias-de-rosario","tag-perotti","tag-rosario","tag-santa-fe"],"_links":{"self":[{"href":"https:\/\/www.rosarioalerta.com.ar\/site\/wp-json\/wp\/v2\/posts\/4822","targetHints":{"allow":["GET"]}}],"collection":[{"href":"https:\/\/www.rosarioalerta.com.ar\/site\/wp-json\/wp\/v2\/posts"}],"about":[{"href":"https:\/\/www.rosarioalerta.com.ar\/site\/wp-json\/wp\/v2\/types\/post"}],"author":[{"embeddable":true,"href":"https:\/\/www.rosarioalerta.com.ar\/site\/wp-json\/wp\/v2\/users\/1"}],"replies":[{"embeddable":true,"href":"https:\/\/www.rosarioalerta.com.ar\/site\/wp-json\/wp\/v2\/comments?post=4822"}],"version-history":[{"count":1,"href":"https:\/\/www.rosarioalerta.com.ar\/site\/wp-json\/wp\/v2\/posts\/4822\/revisions"}],"predecessor-version":[{"id":4824,"href":"https:\/\/www.rosarioalerta.com.ar\/site\/wp-json\/wp\/v2\/posts\/4822\/revisions\/4824"}],"wp:featuredmedia":[{"embeddable":true,"href":"https:\/\/www.rosarioalerta.com.ar\/site\/wp-json\/wp\/v2\/media\/4823"}],"wp:attachment":[{"href":"https:\/\/www.rosarioalerta.com.ar\/site\/wp-json\/wp\/v2\/media?parent=4822"}],"wp:term":[{"taxonomy":"category","embeddable":true,"href":"https:\/\/www.rosarioalerta.com.ar\/site\/wp-json\/wp\/v2\/categories?post=4822"},{"taxonomy":"post_tag","embeddable":true,"href":"https:\/\/www.rosarioalerta.com.ar\/site\/wp-json\/wp\/v2\/tags?post=4822"}],"curies":[{"name":"wp","href":"https:\/\/api.w.org\/{rel}","templated":true}]}}