{"id":4789,"date":"2022-04-01T07:36:03","date_gmt":"2022-04-01T10:36:03","guid":{"rendered":"https:\/\/www.rosarioalerta.com.ar\/site\/?p=4789"},"modified":"2022-04-01T07:36:04","modified_gmt":"2022-04-01T10:36:04","slug":"matias-cesar-y-andi-dejen-de-zarparse-con-la-familia","status":"publish","type":"post","link":"https:\/\/www.rosarioalerta.com.ar\/site\/archivos\/4789","title":{"rendered":"\u201cMat\u00edas, Cesar y Andi dejen de zarparse con la familia\u201d"},"content":{"rendered":"\n<p><\/p>\n\n\n\n<p>M\u00e1s balaceras en Rosario, una ciudad liberada por fiscales y los jefes policiales<\/p>\n\n\n\n<p>Si bien intentan esconder informaci\u00f3n sobre los delitos y los abusos de armas, con la excusa de \u201c<em>estamos investigando<\/em>\u201d los vecinos no guardan silencio y hartos de la inoperancia de fiscales y jefes policiales denuncian. Ayer en <strong>French al 7000<\/strong>, atentaron a balazos contra la casa de un hombre de 69 a\u00f1os, dejaron una nota amenazante que rezaba <strong><em>\u201cMat\u00edas, Cesar y Andi\u2026 dejen de zarparse con la familia\u201d <\/em>Att La Mafia<\/strong>. De la escena secuestr\u00f3 la polic\u00eda material bal\u00edstico y constataron da\u00f1os en mamposter\u00edas y aberturas.<\/p>\n\n\n\n<p>\u2026<strong>mientras tanto<\/strong>\u2026 en <strong>Grandoli al 3500<\/strong>, en la zona norte de Rosario, tambi\u00e9n gatillaron contra una vivienda. La v\u00edctima manifest\u00f3 que gatillaron sujetos en moto, contra su casa ocasionando da\u00f1os en el frente. Una de las balas ingres\u00f3 al hogar y ocasion\u00f3 da\u00f1os. La denuncia fue radicada en la <strong>Sub Comisar\u00eda 2\u00ba<\/strong><\/p>\n\n\n\n<p>\u2026<strong>dos m\u00e1s<\/strong>\u2026 en&nbsp; <strong>Pje San Jos\u00e9 y Caval<\/strong>, varios disparos dieron contra una vivienda y en <strong>Bielsa al 5300<\/strong> se repiti\u00f3 un hecho similar. M\u00e1s vainas servidas, m\u00e1s da\u00f1os en inmuebles y \u00b4m\u00e1s vecinos atemorizados<\/p>\n<div class=\"newspaper-x-tags\"><strong>TAGS: <\/strong><span><a href=\"https:\/\/www.rosarioalerta.com.ar\/site\/archivos\/tag\/balaceras\" rel=\"tag\">Balaceras<\/a><\/span><a href=\"https:\/\/www.rosarioalerta.com.ar\/site\/archivos\/tag\/hacemos-santa-fe\" rel=\"tag\">Hacemos Santa Fe<\/a><\/span><a href=\"https:\/\/www.rosarioalerta.com.ar\/site\/archivos\/tag\/inseguridad\" rel=\"tag\">inseguridad<\/a><\/span><a href=\"https:\/\/www.rosarioalerta.com.ar\/site\/archivos\/tag\/mierda\" rel=\"tag\">Mierda<\/a><\/span><a href=\"https:\/\/www.rosarioalerta.com.ar\/site\/archivos\/tag\/noticias-de-rosario\" rel=\"tag\">Noticias de Rosario<\/a><\/span><a href=\"https:\/\/www.rosarioalerta.com.ar\/site\/archivos\/tag\/perotti\" rel=\"tag\">Perotti<\/a><\/span><a href=\"https:\/\/www.rosarioalerta.com.ar\/site\/archivos\/tag\/rosario\" rel=\"tag\">Rosario<\/a><\/span><a href=\"https:\/\/www.rosarioalerta.com.ar\/site\/archivos\/tag\/santa-fe\" rel=\"tag\">Santa Fe<\/a> <\/div>","protected":false},"excerpt":{"rendered":"<p>M\u00e1s balaceras en Rosario, una ciudad liberada por fiscales y los jefes policiales Si bien intentan esconder informaci\u00f3n sobre los delitos y los abusos de armas, con la excusa de \u201cestamos investigando\u201d los vecinos no guardan silencio y hartos de la inoperancia de fiscales y jefes policiales denuncian. Ayer en French al 7000, atentaron a [&hellip;]<\/p>\n","protected":false},"author":1,"featured_media":4710,"comment_status":"open","ping_status":"open","sticky":false,"template":"","format":"standard","meta":{"_joinchat":[],"footnotes":""},"categories":[15,66,21,14],"tags":[68,229,54,230,95,24,55,65],"class_list":["post-4789","post","type-post","status-publish","format-standard","has-post-thumbnail","hentry","category-balaceras","category-inseguridad","category-noticias","category-policiales","tag-balaceras","tag-hacemos-santa-fe","tag-inseguridad","tag-mierda","tag-noticias-de-rosario","tag-perotti","tag-rosario","tag-santa-fe"],"_links":{"self":[{"href":"https:\/\/www.rosarioalerta.com.ar\/site\/wp-json\/wp\/v2\/posts\/4789","targetHints":{"allow":["GET"]}}],"collection":[{"href":"https:\/\/www.rosarioalerta.com.ar\/site\/wp-json\/wp\/v2\/posts"}],"about":[{"href":"https:\/\/www.rosarioalerta.com.ar\/site\/wp-json\/wp\/v2\/types\/post"}],"author":[{"embeddable":true,"href":"https:\/\/www.rosarioalerta.com.ar\/site\/wp-json\/wp\/v2\/users\/1"}],"replies":[{"embeddable":true,"href":"https:\/\/www.rosarioalerta.com.ar\/site\/wp-json\/wp\/v2\/comments?post=4789"}],"version-history":[{"count":1,"href":"https:\/\/www.rosarioalerta.com.ar\/site\/wp-json\/wp\/v2\/posts\/4789\/revisions"}],"predecessor-version":[{"id":4790,"href":"https:\/\/www.rosarioalerta.com.ar\/site\/wp-json\/wp\/v2\/posts\/4789\/revisions\/4790"}],"wp:featuredmedia":[{"embeddable":true,"href":"https:\/\/www.rosarioalerta.com.ar\/site\/wp-json\/wp\/v2\/media\/4710"}],"wp:attachment":[{"href":"https:\/\/www.rosarioalerta.com.ar\/site\/wp-json\/wp\/v2\/media?parent=4789"}],"wp:term":[{"taxonomy":"category","embeddable":true,"href":"https:\/\/www.rosarioalerta.com.ar\/site\/wp-json\/wp\/v2\/categories?post=4789"},{"taxonomy":"post_tag","embeddable":true,"href":"https:\/\/www.rosarioalerta.com.ar\/site\/wp-json\/wp\/v2\/tags?post=4789"}],"curies":[{"name":"wp","href":"https:\/\/api.w.org\/{rel}","templated":true}]}}