{"id":4651,"date":"2022-03-25T06:35:05","date_gmt":"2022-03-25T09:35:05","guid":{"rendered":"https:\/\/www.rosarioalerta.com.ar\/site\/?p=4651"},"modified":"2022-03-25T06:37:11","modified_gmt":"2022-03-25T09:37:11","slug":"tras-el-miercoles-sangriento-el-jueves-solo-hubo-2-heridos","status":"publish","type":"post","link":"https:\/\/www.rosarioalerta.com.ar\/site\/archivos\/4651","title":{"rendered":"Tras el mi\u00e9rcoles sangriento, el jueves solo hubo 2 heridos"},"content":{"rendered":"\n<p><\/p>\n\n\n\n<p>Tres fueron los cr\u00edmenes de un d\u00eda para el olvido, pero como en todo feriado, el delito desciende<\/p>\n\n\n\n<p>Durante este jueves feriado por el d\u00eda de la memoria, verdad y justicia, <strong>Lautaro de 20 a\u00f1os<\/strong>, result\u00f3 herido de bala en cercan\u00edas de <strong>Uriburu y Moreno<\/strong>. Lo trasladaron terceros al <strong>Hospital Roque S\u00e1enz Pe\u00f1a<\/strong>, donde le diagnosticaron que presentaba un impacto de bala en el muslo izquierdo con orificio de entrada y salida<\/p>\n\n\n\n<p>\u2026<strong>mientras tanto<\/strong>\u2026 en <strong>Convenci\u00f3n al 2000<\/strong>, donde se llevaba adelante una reuni\u00f3n familiar, lleg\u00f3 un joven de 27 a\u00f1os, ebrio y melanc\u00f3lico, extrae un arma blanca y se autolesiona en el abdomen. Fue trasladado por su hermano al <strong>Hospital Provincial<\/strong> donde lo asistieron por heridas corto punzante en abdomen y t\u00f3rax, a la espera de una cirug\u00eda.<\/p>\n<div class=\"newspaper-x-tags\"><strong>TAGS: <\/strong><span><a href=\"https:\/\/www.rosarioalerta.com.ar\/site\/archivos\/tag\/inseguridad\" rel=\"tag\">inseguridad<\/a><\/span><a href=\"https:\/\/www.rosarioalerta.com.ar\/site\/archivos\/tag\/noticias-de-rosario\" rel=\"tag\">Noticias de Rosario<\/a><\/span><a href=\"https:\/\/www.rosarioalerta.com.ar\/site\/archivos\/tag\/perotti\" rel=\"tag\">Perotti<\/a><\/span><a href=\"https:\/\/www.rosarioalerta.com.ar\/site\/archivos\/tag\/rosario\" rel=\"tag\">Rosario<\/a><\/span><a href=\"https:\/\/www.rosarioalerta.com.ar\/site\/archivos\/tag\/santa-fe\" rel=\"tag\">Santa Fe<\/a> <\/div>","protected":false},"excerpt":{"rendered":"<p>Tres fueron los cr\u00edmenes de un d\u00eda para el olvido, pero como en todo feriado, el delito desciende Durante este jueves feriado por el d\u00eda de la memoria, verdad y justicia, Lautaro de 20 a\u00f1os, result\u00f3 herido de bala en cercan\u00edas de Uriburu y Moreno. Lo trasladaron terceros al Hospital Roque S\u00e1enz Pe\u00f1a, donde le [&hellip;]<\/p>\n","protected":false},"author":1,"featured_media":4652,"comment_status":"open","ping_status":"open","sticky":false,"template":"","format":"standard","meta":{"_joinchat":[],"footnotes":""},"categories":[15,17,66,21,14],"tags":[54,95,24,55,65],"class_list":["post-4651","post","type-post","status-publish","format-standard","has-post-thumbnail","hentry","category-balaceras","category-heridos","category-inseguridad","category-noticias","category-policiales","tag-inseguridad","tag-noticias-de-rosario","tag-perotti","tag-rosario","tag-santa-fe"],"_links":{"self":[{"href":"https:\/\/www.rosarioalerta.com.ar\/site\/wp-json\/wp\/v2\/posts\/4651","targetHints":{"allow":["GET"]}}],"collection":[{"href":"https:\/\/www.rosarioalerta.com.ar\/site\/wp-json\/wp\/v2\/posts"}],"about":[{"href":"https:\/\/www.rosarioalerta.com.ar\/site\/wp-json\/wp\/v2\/types\/post"}],"author":[{"embeddable":true,"href":"https:\/\/www.rosarioalerta.com.ar\/site\/wp-json\/wp\/v2\/users\/1"}],"replies":[{"embeddable":true,"href":"https:\/\/www.rosarioalerta.com.ar\/site\/wp-json\/wp\/v2\/comments?post=4651"}],"version-history":[{"count":2,"href":"https:\/\/www.rosarioalerta.com.ar\/site\/wp-json\/wp\/v2\/posts\/4651\/revisions"}],"predecessor-version":[{"id":4654,"href":"https:\/\/www.rosarioalerta.com.ar\/site\/wp-json\/wp\/v2\/posts\/4651\/revisions\/4654"}],"wp:featuredmedia":[{"embeddable":true,"href":"https:\/\/www.rosarioalerta.com.ar\/site\/wp-json\/wp\/v2\/media\/4652"}],"wp:attachment":[{"href":"https:\/\/www.rosarioalerta.com.ar\/site\/wp-json\/wp\/v2\/media?parent=4651"}],"wp:term":[{"taxonomy":"category","embeddable":true,"href":"https:\/\/www.rosarioalerta.com.ar\/site\/wp-json\/wp\/v2\/categories?post=4651"},{"taxonomy":"post_tag","embeddable":true,"href":"https:\/\/www.rosarioalerta.com.ar\/site\/wp-json\/wp\/v2\/tags?post=4651"}],"curies":[{"name":"wp","href":"https:\/\/api.w.org\/{rel}","templated":true}]}}