{"id":4520,"date":"2022-03-17T06:42:38","date_gmt":"2022-03-17T09:42:38","guid":{"rendered":"https:\/\/www.rosarioalerta.com.ar\/site\/?p=4520"},"modified":"2022-03-17T07:13:32","modified_gmt":"2022-03-17T10:13:32","slug":"murio-el-hombre-baleado-en-la-zona-oeste","status":"publish","type":"post","link":"https:\/\/www.rosarioalerta.com.ar\/site\/archivos\/4520","title":{"rendered":"Muri\u00f3 el hombre baleado en la zona oeste"},"content":{"rendered":"\n<p><\/p>\n\n\n\n<p>No resisti\u00f3 el post operatorio y se transform\u00f3 en el crimen 57<\/p>\n\n\n\n<p>Hab\u00eda sido trasladado por un vecino desde <strong><a href=\"https:\/\/www.rosarioalerta.com.ar\/site\/archivos\/4517\" data-type=\"URL\" data-id=\"https:\/\/www.rosarioalerta.com.ar\/site\/archivos\/4517\">Pasaje 1711 al 8800, <\/a><\/strong>con impactos de bala en el t\u00f3rax. Ingres\u00f3 a la guardia del <strong>Hospital de<\/strong> <strong>Emergencias Clemente \u00c1lvarez (HECA)<\/strong> pasando a cirug\u00eda, pero antes de la medianoche, luego de algunas intervenciones quir\u00fargicas, fallece.<\/p>\n\n\n\n<p>La v\u00edctima fue identificada como; <strong>Salvador Vigo Ag\u00fcero de 36 a\u00f1os<\/strong>, es el <strong>crimen n\u00famero 57 del a\u00f1o, en el departamento Rosario y el s\u00e9ptimo del mes de marzo<\/strong><\/p>\n\n\n\n<p>\u2026<strong>mientras tanto<\/strong>\u2026 vecinos de <strong>Gonz\u00e1lez del Solar al 1100 bis<\/strong>, denunciaron que gatillaron contra el frente de su casa. Los gatilleros habr\u00eda pasado en una moto, pero el personal policial no pudo identificar a la v\u00edctima, ni hallar vainas servidas. Las actuaciones recayeron en la <strong>Sub Comisar\u00eda 21\u00ba<\/strong><\/p>\n\n\n\n<p>\u2026<strong>finalmente<\/strong>\u2026 en <strong>Rueda al 3500<\/strong>, vecinos tambi\u00e9n denunciaron una importante balacera, de la cual se recogieron vainas servidas y no hubo heridos<\/p>\n<div class=\"newspaper-x-tags\"><strong>TAGS: <\/strong><span><a href=\"https:\/\/www.rosarioalerta.com.ar\/site\/archivos\/tag\/balaceras\" rel=\"tag\">Balaceras<\/a><\/span><a href=\"https:\/\/www.rosarioalerta.com.ar\/site\/archivos\/tag\/homicidio\" rel=\"tag\">Homicidio<\/a><\/span><a href=\"https:\/\/www.rosarioalerta.com.ar\/site\/archivos\/tag\/inseguridad\" rel=\"tag\">inseguridad<\/a><\/span><a href=\"https:\/\/www.rosarioalerta.com.ar\/site\/archivos\/tag\/noticias-de-rosario\" rel=\"tag\">Noticias de Rosario<\/a><\/span><a href=\"https:\/\/www.rosarioalerta.com.ar\/site\/archivos\/tag\/perotti\" rel=\"tag\">Perotti<\/a><\/span><a href=\"https:\/\/www.rosarioalerta.com.ar\/site\/archivos\/tag\/rosario\" rel=\"tag\">Rosario<\/a><\/span><a href=\"https:\/\/www.rosarioalerta.com.ar\/site\/archivos\/tag\/santa-fe\" rel=\"tag\">Santa Fe<\/a> <\/div>","protected":false},"excerpt":{"rendered":"<p>No resisti\u00f3 el post operatorio y se transform\u00f3 en el crimen 57 Hab\u00eda sido trasladado por un vecino desde Pasaje 1711 al 8800, con impactos de bala en el t\u00f3rax. Ingres\u00f3 a la guardia del Hospital de Emergencias Clemente \u00c1lvarez (HECA) pasando a cirug\u00eda, pero antes de la medianoche, luego de algunas intervenciones quir\u00fargicas, fallece. [&hellip;]<\/p>\n","protected":false},"author":1,"featured_media":4523,"comment_status":"open","ping_status":"open","sticky":false,"template":"","format":"standard","meta":{"_joinchat":[],"footnotes":""},"categories":[15,17,6,66,21,14],"tags":[68,117,54,95,24,55,65],"class_list":["post-4520","post","type-post","status-publish","format-standard","has-post-thumbnail","hentry","category-balaceras","category-heridos","category-homicidios","category-inseguridad","category-noticias","category-policiales","tag-balaceras","tag-homicidio","tag-inseguridad","tag-noticias-de-rosario","tag-perotti","tag-rosario","tag-santa-fe"],"_links":{"self":[{"href":"https:\/\/www.rosarioalerta.com.ar\/site\/wp-json\/wp\/v2\/posts\/4520","targetHints":{"allow":["GET"]}}],"collection":[{"href":"https:\/\/www.rosarioalerta.com.ar\/site\/wp-json\/wp\/v2\/posts"}],"about":[{"href":"https:\/\/www.rosarioalerta.com.ar\/site\/wp-json\/wp\/v2\/types\/post"}],"author":[{"embeddable":true,"href":"https:\/\/www.rosarioalerta.com.ar\/site\/wp-json\/wp\/v2\/users\/1"}],"replies":[{"embeddable":true,"href":"https:\/\/www.rosarioalerta.com.ar\/site\/wp-json\/wp\/v2\/comments?post=4520"}],"version-history":[{"count":1,"href":"https:\/\/www.rosarioalerta.com.ar\/site\/wp-json\/wp\/v2\/posts\/4520\/revisions"}],"predecessor-version":[{"id":4522,"href":"https:\/\/www.rosarioalerta.com.ar\/site\/wp-json\/wp\/v2\/posts\/4520\/revisions\/4522"}],"wp:featuredmedia":[{"embeddable":true,"href":"https:\/\/www.rosarioalerta.com.ar\/site\/wp-json\/wp\/v2\/media\/4523"}],"wp:attachment":[{"href":"https:\/\/www.rosarioalerta.com.ar\/site\/wp-json\/wp\/v2\/media?parent=4520"}],"wp:term":[{"taxonomy":"category","embeddable":true,"href":"https:\/\/www.rosarioalerta.com.ar\/site\/wp-json\/wp\/v2\/categories?post=4520"},{"taxonomy":"post_tag","embeddable":true,"href":"https:\/\/www.rosarioalerta.com.ar\/site\/wp-json\/wp\/v2\/tags?post=4520"}],"curies":[{"name":"wp","href":"https:\/\/api.w.org\/{rel}","templated":true}]}}