{"id":35315,"date":"2026-09-04T20:15:51","date_gmt":"2026-09-04T23:15:51","guid":{"rendered":"https:\/\/www.rosarioalerta.com.ar\/site\/?p=35315"},"modified":"2026-09-04T20:15:52","modified_gmt":"2026-09-04T23:15:52","slug":"robo-en-el-cementerio-el-salvador","status":"publish","type":"post","link":"https:\/\/www.rosarioalerta.com.ar\/site\/archivos\/35315","title":{"rendered":"Robo en el cementerio El Salvador"},"content":{"rendered":"\n<p class=\"wp-block-paragraph\">Se llevaba 28 cruces funerarias en una valija<\/p>\n\n\n\n<p class=\"wp-block-paragraph\">Un hombre de 39 a\u00f1os fue detenido este viernes por la tarde luego de ser encontrado con <strong>28 cruces funerarias<\/strong> que llevaba dentro de una valija al salir del <strong>Cementerio El Salvador<\/strong>, de <strong>Rosario<\/strong>. El procedimiento ocurri\u00f3 alrededor de las 17, luego de un aviso por da\u00f1os dentro del predio de <strong>Francia al 1800.<\/strong><\/p>\n\n\n\n<p class=\"wp-block-paragraph\">Personal del <strong>Comando Radioel\u00e9ctrico<\/strong> lleg\u00f3 al cementerio tras recibir la alerta sobre un hombre que estar\u00eda provocando da\u00f1os. Los agentes observaron a una persona que sal\u00eda del lugar con una valija y que aceler\u00f3 el paso al advertir la presencia policial.<\/p>\n\n\n\n<p class=\"wp-block-paragraph\">Durante la identificaci\u00f3n inspeccionaron el equipaje y encontraron las 28 cruces funerarias. El hombre, identificado como <strong>Julio C\u00e9sar O de 39 a\u00f1os<\/strong>, fue detenido y los elementos quedaron secuestrados.<\/p>\n\n\n\n<p class=\"wp-block-paragraph\">El procedimiento fue trasladado a la <strong>Comisar\u00eda 2\u00ba<\/strong>, donde continuaron las actuaciones correspondientes.<\/p>\n\n\n\n<p class=\"wp-block-paragraph\">Horas antes, en <strong>Arroyo Seco<\/strong>, dos hombres fueron detenidos luego de una denuncia por amenazas calificadas en un conflicto familiar ocurrido sobre la <strong>Ruta 21, a la altura del kil\u00f3metro 17,<\/strong>5.<\/p>\n\n\n\n<figure class=\"wp-block-image size-large\"><img loading=\"lazy\" decoding=\"async\" width=\"1024\" height=\"576\" src=\"https:\/\/www.rosarioalerta.com.ar\/site\/wp-content\/uploads\/2026\/09\/Cementerio-3-1024x576.jpg\" alt=\"\" class=\"wp-image-35317\" srcset=\"https:\/\/www.rosarioalerta.com.ar\/site\/wp-content\/uploads\/2026\/09\/Cementerio-3-1024x576.jpg 1024w, https:\/\/www.rosarioalerta.com.ar\/site\/wp-content\/uploads\/2026\/09\/Cementerio-3-300x169.jpg 300w, https:\/\/www.rosarioalerta.com.ar\/site\/wp-content\/uploads\/2026\/09\/Cementerio-3-768x432.jpg 768w, https:\/\/www.rosarioalerta.com.ar\/site\/wp-content\/uploads\/2026\/09\/Cementerio-3-1536x864.jpg 1536w, https:\/\/www.rosarioalerta.com.ar\/site\/wp-content\/uploads\/2026\/09\/Cementerio-3.jpg 1920w\" sizes=\"auto, (max-width: 1024px) 100vw, 1024px\" \/><\/figure>\n\n\n\n<p class=\"wp-block-paragraph\">Seg\u00fan el relato de la v\u00edctima, durante la discusi\u00f3n uno de los involucrados lo habr\u00eda apuntado con una escopeta y ambos lo habr\u00edan amenazado de muerte.<\/p>\n\n\n\n<p class=\"wp-block-paragraph\">Los efectivos secuestraron una escopeta de dos ca\u00f1ones calibre 22 y ocho cartuchos intactos. Uno de los hombres, de 67 a\u00f1os, manifest\u00f3 ser propietario del arma, pero no present\u00f3 documentaci\u00f3n que acreditara su tenencia. Los detenidos fueron identificados como <strong>Carlos Alberto D de 67 a\u00f1os<\/strong> y <strong>Lucas Javier D de 46<\/strong>. El procedimiento qued\u00f3 a disposici\u00f3n de la <strong>Comisar\u00eda 27\u00ba<\/strong> por razones de jurisdicci\u00f3n<\/p>\n<div class=\"newspaper-x-tags\"><strong>TAGS: <\/strong><span><a href=\"https:\/\/www.rosarioalerta.com.ar\/site\/archivos\/tag\/arroyo-seco\" rel=\"tag\">Arroyo Seco<\/a><\/span><a href=\"https:\/\/www.rosarioalerta.com.ar\/site\/archivos\/tag\/noticias-de-arroyo-seco\" rel=\"tag\">Noticias de Arroyo Seco<\/a><\/span><a href=\"https:\/\/www.rosarioalerta.com.ar\/site\/archivos\/tag\/noticias-de-rosario\" rel=\"tag\">Noticias de Rosario<\/a><\/span><a href=\"https:\/\/www.rosarioalerta.com.ar\/site\/archivos\/tag\/rosario\" rel=\"tag\">Rosario<\/a><\/span><a href=\"https:\/\/www.rosarioalerta.com.ar\/site\/archivos\/tag\/santa-fe\" rel=\"tag\">Santa Fe<\/a> <\/div>","protected":false},"excerpt":{"rendered":"<p>Se llevaba 28 cruces funerarias en una valija Un hombre de 39 a\u00f1os fue detenido este viernes por la tarde luego de ser encontrado con 28 cruces funerarias que llevaba dentro de una valija al salir del Cementerio El Salvador, de Rosario. El procedimiento ocurri\u00f3 alrededor de las 17, luego de un aviso por da\u00f1os [&hellip;]<\/p>\n","protected":false},"author":2,"featured_media":35316,"comment_status":"open","ping_status":"open","sticky":false,"template":"","format":"standard","meta":{"_joinchat":[],"footnotes":""},"categories":[11,21,14,2],"tags":[177,136,95,55,65],"class_list":["post-35315","post","type-post","status-publish","format-standard","has-post-thumbnail","hentry","category-detenidos","category-noticias","category-policiales","category-robos","tag-arroyo-seco","tag-noticias-de-arroyo-seco","tag-noticias-de-rosario","tag-rosario","tag-santa-fe"],"_links":{"self":[{"href":"https:\/\/www.rosarioalerta.com.ar\/site\/wp-json\/wp\/v2\/posts\/35315","targetHints":{"allow":["GET"]}}],"collection":[{"href":"https:\/\/www.rosarioalerta.com.ar\/site\/wp-json\/wp\/v2\/posts"}],"about":[{"href":"https:\/\/www.rosarioalerta.com.ar\/site\/wp-json\/wp\/v2\/types\/post"}],"author":[{"embeddable":true,"href":"https:\/\/www.rosarioalerta.com.ar\/site\/wp-json\/wp\/v2\/users\/2"}],"replies":[{"embeddable":true,"href":"https:\/\/www.rosarioalerta.com.ar\/site\/wp-json\/wp\/v2\/comments?post=35315"}],"version-history":[{"count":1,"href":"https:\/\/www.rosarioalerta.com.ar\/site\/wp-json\/wp\/v2\/posts\/35315\/revisions"}],"predecessor-version":[{"id":35318,"href":"https:\/\/www.rosarioalerta.com.ar\/site\/wp-json\/wp\/v2\/posts\/35315\/revisions\/35318"}],"wp:featuredmedia":[{"embeddable":true,"href":"https:\/\/www.rosarioalerta.com.ar\/site\/wp-json\/wp\/v2\/media\/35316"}],"wp:attachment":[{"href":"https:\/\/www.rosarioalerta.com.ar\/site\/wp-json\/wp\/v2\/media?parent=35315"}],"wp:term":[{"taxonomy":"category","embeddable":true,"href":"https:\/\/www.rosarioalerta.com.ar\/site\/wp-json\/wp\/v2\/categories?post=35315"},{"taxonomy":"post_tag","embeddable":true,"href":"https:\/\/www.rosarioalerta.com.ar\/site\/wp-json\/wp\/v2\/tags?post=35315"}],"curies":[{"name":"wp","href":"https:\/\/api.w.org\/{rel}","templated":true}]}}