{"id":35303,"date":"2026-09-04T13:13:58","date_gmt":"2026-09-04T16:13:58","guid":{"rendered":"https:\/\/www.rosarioalerta.com.ar\/site\/?p=35303"},"modified":"2026-09-04T13:14:06","modified_gmt":"2026-09-04T16:14:06","slug":"el-sistema-lince-permitio-avanzar-sobre-un-bunker-de-drogas-vinculado-a-un-homicidio","status":"publish","type":"post","link":"https:\/\/www.rosarioalerta.com.ar\/site\/archivos\/35303","title":{"rendered":"El sistema Lince permiti\u00f3 avanzar sobre un b\u00fanker de drogas vinculado a un homicidio"},"content":{"rendered":"\n<p class=\"wp-block-paragraph\">El inmueble de <strong>Pasaje Zola 3641<\/strong> fue inactivado este viernes y se convirti\u00f3 en el b\u00fanker n\u00famero 81 bloqueado en Rosario desde la vigencia de la Ley de Microtr\u00e1fico<\/p>\n\n\n\n<p class=\"wp-block-paragraph\">El Gobierno de Santa Fe, junto con fiscales del <strong>Ministerio P\u00fablico de la Acusaci\u00f3n<\/strong> (MPA), realiz\u00f3 este viernes la inactivaci\u00f3n de un inmueble se\u00f1alado como punto de venta de drogas en <strong>Pasaje Zola 3641<\/strong>. La propiedad tambi\u00e9n qued\u00f3 vinculada a la investigaci\u00f3n por el homicidio de <strong>Roberto Ferrari<\/strong>, un jubilado de 81 a\u00f1os asesinado el 27 de mayo frente a un supermercado de <strong>Sanguinetti al 5200<\/strong>.<\/p>\n\n\n\n<p class=\"wp-block-paragraph\">Por las caracter\u00edsticas del inmueble, las autoridades resolvieron bloquear sus accesos y aberturas. La planta superior contin\u00faa habitada y, seg\u00fan la documentaci\u00f3n incorporada a la causa, su ocupaci\u00f3n ser\u00eda legal.<\/p>\n\n\n\n<p class=\"wp-block-paragraph\">El procedimiento constituye la inactivaci\u00f3n n\u00famero <strong>81 en Rosario y la 139 en toda Santa Fe<\/strong> desde la entrada en vigencia de la <strong>Ley de Microtr\u00e1fico<\/strong>, a fines de 2023.<\/p>\n\n\n\n<p class=\"wp-block-paragraph\">Uno de los elementos centrales de la investigaci\u00f3n fue el sistema provincial de <strong>videovigilancia Lince<\/strong>, que utiliza inteligencia artificial para analizar im\u00e1genes y reconstruir recorridos.<\/p>\n\n\n\n<p class=\"wp-block-paragraph\">Seg\u00fan explic\u00f3 el fiscal <strong>Franco Miatello<\/strong>, los dos sospechosos del homicidio utilizaron el inmueble como base despu\u00e9s del crimen. All\u00ed se habr\u00edan cambiado de ropa y posteriormente abandonaron el lugar en un autom\u00f3vil de alquiler.<\/p>\n\n\n\n<p class=\"wp-block-paragraph\">El an\u00e1lisis de las im\u00e1genes permiti\u00f3 reconstruir sus movimientos y establecer de d\u00f3nde hab\u00edan llegado y hacia d\u00f3nde se dirigieron.<\/p>\n\n\n\n<p class=\"wp-block-paragraph\"><strong>Miatello<\/strong> se\u00f1al\u00f3 que cuatro personas fueron detenidas y posteriormente condenadas por encubrimiento. Adem\u00e1s, uno de los presuntos autores materiales permanece en prisi\u00f3n preventiva, mientras contin\u00faa la b\u00fasqueda del segundo.<\/p>\n\n\n\n<p class=\"wp-block-paragraph\">El secretario de Seguridad, <strong>Omar Pereira<\/strong>, destac\u00f3 la rapidez del procedimiento y sostuvo que el caso muestra el resultado del trabajo conjunto entre las fuerzas de seguridad, la Fiscal\u00eda y las herramientas tecnol\u00f3gicas.<\/p>\n\n\n\n<p class=\"wp-block-paragraph\">La intervenci\u00f3n fue realizada en el marco de una estrategia provincial que busca bloquear inmuebles vinculados al narcomenudeo y recuperar el control de espacios utilizados para la comercializaci\u00f3n de estupefacientes<\/p>\n<div class=\"newspaper-x-tags\"><strong>TAGS: <\/strong><span><a href=\"https:\/\/www.rosarioalerta.com.ar\/site\/archivos\/tag\/ley-de-microtrafico\" rel=\"tag\">Ley de Microtr\u00e1fico<\/a><\/span><a href=\"https:\/\/www.rosarioalerta.com.ar\/site\/archivos\/tag\/noticias-de-rosario\" rel=\"tag\">Noticias de Rosario<\/a><\/span><a href=\"https:\/\/www.rosarioalerta.com.ar\/site\/archivos\/tag\/rosario\" rel=\"tag\">Rosario<\/a><\/span><a href=\"https:\/\/www.rosarioalerta.com.ar\/site\/archivos\/tag\/santa-fe\" rel=\"tag\">Santa Fe<\/a> <\/div>","protected":false},"excerpt":{"rendered":"<p>El inmueble de Pasaje Zola 3641 fue inactivado este viernes y se convirti\u00f3 en el b\u00fanker n\u00famero 81 bloqueado en Rosario desde la vigencia de la Ley de Microtr\u00e1fico El Gobierno de Santa Fe, junto con fiscales del Ministerio P\u00fablico de la Acusaci\u00f3n (MPA), realiz\u00f3 este viernes la inactivaci\u00f3n de un inmueble se\u00f1alado como punto [&hellip;]<\/p>\n","protected":false},"author":2,"featured_media":35304,"comment_status":"open","ping_status":"open","sticky":false,"template":"","format":"standard","meta":{"_joinchat":[],"footnotes":""},"categories":[18,494,21,14],"tags":[714,95,55,65],"class_list":["post-35303","post","type-post","status-publish","format-standard","has-post-thumbnail","hentry","category-institucional","category-microtrafico","category-noticias","category-policiales","tag-ley-de-microtrafico","tag-noticias-de-rosario","tag-rosario","tag-santa-fe"],"_links":{"self":[{"href":"https:\/\/www.rosarioalerta.com.ar\/site\/wp-json\/wp\/v2\/posts\/35303","targetHints":{"allow":["GET"]}}],"collection":[{"href":"https:\/\/www.rosarioalerta.com.ar\/site\/wp-json\/wp\/v2\/posts"}],"about":[{"href":"https:\/\/www.rosarioalerta.com.ar\/site\/wp-json\/wp\/v2\/types\/post"}],"author":[{"embeddable":true,"href":"https:\/\/www.rosarioalerta.com.ar\/site\/wp-json\/wp\/v2\/users\/2"}],"replies":[{"embeddable":true,"href":"https:\/\/www.rosarioalerta.com.ar\/site\/wp-json\/wp\/v2\/comments?post=35303"}],"version-history":[{"count":1,"href":"https:\/\/www.rosarioalerta.com.ar\/site\/wp-json\/wp\/v2\/posts\/35303\/revisions"}],"predecessor-version":[{"id":35305,"href":"https:\/\/www.rosarioalerta.com.ar\/site\/wp-json\/wp\/v2\/posts\/35303\/revisions\/35305"}],"wp:featuredmedia":[{"embeddable":true,"href":"https:\/\/www.rosarioalerta.com.ar\/site\/wp-json\/wp\/v2\/media\/35304"}],"wp:attachment":[{"href":"https:\/\/www.rosarioalerta.com.ar\/site\/wp-json\/wp\/v2\/media?parent=35303"}],"wp:term":[{"taxonomy":"category","embeddable":true,"href":"https:\/\/www.rosarioalerta.com.ar\/site\/wp-json\/wp\/v2\/categories?post=35303"},{"taxonomy":"post_tag","embeddable":true,"href":"https:\/\/www.rosarioalerta.com.ar\/site\/wp-json\/wp\/v2\/tags?post=35303"}],"curies":[{"name":"wp","href":"https:\/\/api.w.org\/{rel}","templated":true}]}}