{"id":35292,"date":"2026-09-04T07:49:09","date_gmt":"2026-09-04T10:49:09","guid":{"rendered":"https:\/\/www.rosarioalerta.com.ar\/site\/?p=35292"},"modified":"2026-09-04T07:49:19","modified_gmt":"2026-09-04T10:49:19","slug":"rosario-refuerza-la-senalizacion-de-pare-y-podra-pintarla-sobre-la-calzada","status":"publish","type":"post","link":"https:\/\/www.rosarioalerta.com.ar\/site\/archivos\/35292","title":{"rendered":"Rosario refuerza la se\u00f1alizaci\u00f3n de \u201cPARE\u201d y podr\u00e1 pintarla sobre la calzada"},"content":{"rendered":"\n<p class=\"wp-block-paragraph\">La medida busca hacer m\u00e1s visibles las se\u00f1ales y reforzar la seguridad vial en las esquinas de mayor circulaci\u00f3n<\/p>\n\n\n\n<p class=\"wp-block-paragraph\">El <strong>Concejo Municipal de Rosario<\/strong> aprob\u00f3 por unanimidad una ordenanza que obliga a incorporar la palabra \u201c<strong>PARE<\/strong>\u201d pintada <strong>sobre la calzada<\/strong> en las intersecciones que ya cuentan con se\u00f1alizaci\u00f3n vertical. La medida, impulsada por la concejala socialista <strong>Alicia Pino<\/strong> y la ex concejala <strong>Marisol Bracco,<\/strong> apunta a mejorar la visibilidad y reducir los riesgos de siniestros viales.<\/p>\n\n\n\n<p class=\"wp-block-paragraph\">La nueva disposici\u00f3n establece que la inscripci\u00f3n deber\u00e1 realizarse sobre el asfalto, en el sentido de circulaci\u00f3n, acompa\u00f1ada por la correspondiente l\u00ednea de detenci\u00f3n. La implementaci\u00f3n deber\u00e1 incorporarse a los planes anuales de mantenimiento y repintado de calles.<\/p>\n\n\n\n<p class=\"wp-block-paragraph\">El objetivo es comenzar por las esquinas con mayor flujo vehicular o antecedentes de siniestralidad y alcanzar la totalidad de las intersecciones contempladas dentro de los pr\u00f3ximos 24 meses.<\/p>\n\n\n\n<p class=\"wp-block-paragraph\">Durante el debate, <strong>Pino<\/strong> explic\u00f3 que un cartel puede perder visibilidad entre otros elementos del paisaje urbano. Por eso, sostuvo que reforzar la indicaci\u00f3n directamente sobre la calzada puede ayudar a que quienes conducen identifiquen antes la obligaci\u00f3n de detenerse.<\/p>\n\n\n\n<p class=\"wp-block-paragraph\">Seg\u00fan registros oficiales, Rosario ten\u00eda 641.615 veh\u00edculos patentados al 1\u00b0 de enero de 2024. De ese total, 299.277 eran autom\u00f3viles y 208.742 motos y motonetas.<\/p>\n\n\n\n<p class=\"wp-block-paragraph\">La ordenanza tambi\u00e9n contempla campa\u00f1as de educaci\u00f3n vial y busca aportar mayor claridad para la fiscalizaci\u00f3n y los peritajes posteriores a una colisi\u00f3n.<\/p>\n\n\n\n<p class=\"wp-block-paragraph\">La iniciativa se suma a otras medidas aprobadas por el <strong>Concejo<\/strong>, como la instalaci\u00f3n de un cartel de \u201c<strong>Pare<\/strong>\u201d en <strong>Zeballos y Necochea<\/strong>, un estudio integral de circulaci\u00f3n en <strong>San Luis y Moreno<\/strong> y distintas acciones vinculadas al ordenamiento del tr\u00e1nsito.<\/p>\n\n\n\n<p class=\"wp-block-paragraph\"><strong>Otros temas aprobados<\/strong><\/p>\n\n\n\n<p class=\"wp-block-paragraph\">El cuerpo legislativo autoriz\u00f3 adem\u00e1s un operativo especial para la peregrinaci\u00f3n \u201c<strong>V\u00eda Argentina<\/strong>\u201d, prevista para el 13 de septiembre, y un corte de calle solicitado por una entidad de <strong>barrio Tablada<\/strong> para el 5 de septiembre.<\/p>\n\n\n\n<p class=\"wp-block-paragraph\">En materia de seguridad, tambi\u00e9n se expres\u00f3 respaldo al <strong>Plan Bandera<\/strong> y se solicitaron refuerzos de patrullaje en sectores de <strong>barrio La Palmera<\/strong><\/p>\n<div class=\"newspaper-x-tags\"><strong>TAGS: <\/strong><span><a href=\"https:\/\/www.rosarioalerta.com.ar\/site\/archivos\/tag\/noticias-de-rosario\" rel=\"tag\">Noticias de Rosario<\/a><\/span><a href=\"https:\/\/www.rosarioalerta.com.ar\/site\/archivos\/tag\/rosario\" rel=\"tag\">Rosario<\/a><\/span><a href=\"https:\/\/www.rosarioalerta.com.ar\/site\/archivos\/tag\/santa-fe\" rel=\"tag\">Santa Fe<\/a> <\/div>","protected":false},"excerpt":{"rendered":"<p>La medida busca hacer m\u00e1s visibles las se\u00f1ales y reforzar la seguridad vial en las esquinas de mayor circulaci\u00f3n El Concejo Municipal de Rosario aprob\u00f3 por unanimidad una ordenanza que obliga a incorporar la palabra \u201cPARE\u201d pintada sobre la calzada en las intersecciones que ya cuentan con se\u00f1alizaci\u00f3n vertical. La medida, impulsada por la concejala [&hellip;]<\/p>\n","protected":false},"author":2,"featured_media":35293,"comment_status":"open","ping_status":"open","sticky":false,"template":"","format":"standard","meta":{"_joinchat":[],"footnotes":""},"categories":[18,21,19],"tags":[95,55,65],"class_list":["post-35292","post","type-post","status-publish","format-standard","has-post-thumbnail","hentry","category-institucional","category-noticias","category-seguridad-vial","tag-noticias-de-rosario","tag-rosario","tag-santa-fe"],"_links":{"self":[{"href":"https:\/\/www.rosarioalerta.com.ar\/site\/wp-json\/wp\/v2\/posts\/35292","targetHints":{"allow":["GET"]}}],"collection":[{"href":"https:\/\/www.rosarioalerta.com.ar\/site\/wp-json\/wp\/v2\/posts"}],"about":[{"href":"https:\/\/www.rosarioalerta.com.ar\/site\/wp-json\/wp\/v2\/types\/post"}],"author":[{"embeddable":true,"href":"https:\/\/www.rosarioalerta.com.ar\/site\/wp-json\/wp\/v2\/users\/2"}],"replies":[{"embeddable":true,"href":"https:\/\/www.rosarioalerta.com.ar\/site\/wp-json\/wp\/v2\/comments?post=35292"}],"version-history":[{"count":1,"href":"https:\/\/www.rosarioalerta.com.ar\/site\/wp-json\/wp\/v2\/posts\/35292\/revisions"}],"predecessor-version":[{"id":35294,"href":"https:\/\/www.rosarioalerta.com.ar\/site\/wp-json\/wp\/v2\/posts\/35292\/revisions\/35294"}],"wp:featuredmedia":[{"embeddable":true,"href":"https:\/\/www.rosarioalerta.com.ar\/site\/wp-json\/wp\/v2\/media\/35293"}],"wp:attachment":[{"href":"https:\/\/www.rosarioalerta.com.ar\/site\/wp-json\/wp\/v2\/media?parent=35292"}],"wp:term":[{"taxonomy":"category","embeddable":true,"href":"https:\/\/www.rosarioalerta.com.ar\/site\/wp-json\/wp\/v2\/categories?post=35292"},{"taxonomy":"post_tag","embeddable":true,"href":"https:\/\/www.rosarioalerta.com.ar\/site\/wp-json\/wp\/v2\/tags?post=35292"}],"curies":[{"name":"wp","href":"https:\/\/api.w.org\/{rel}","templated":true}]}}