{"id":35285,"date":"2026-09-04T07:16:19","date_gmt":"2026-09-04T10:16:19","guid":{"rendered":"https:\/\/www.rosarioalerta.com.ar\/site\/?p=35285"},"modified":"2026-09-04T07:16:34","modified_gmt":"2026-09-04T10:16:34","slug":"las-principales-hipotesis-apuntan-a-un-femicidio-seguido-de-suicidio-en-villa-gobernador-galvez","status":"publish","type":"post","link":"https:\/\/www.rosarioalerta.com.ar\/site\/archivos\/35285","title":{"rendered":"Las principales hip\u00f3tesis apuntan a un Femicidio seguido de suicidio en Villa Gobernador G\u00e1lvez"},"content":{"rendered":"\n<p class=\"wp-block-paragraph\">Dos hechos de Femicidio y un abuso de armas se registraron en las \u00faltimas horas<\/p>\n\n\n\n<p class=\"wp-block-paragraph\">Dos personas fueron encontradas muertas dentro de un Chevrolet Corsa que apareci\u00f3 incendiado durante la ma\u00f1ana de este jueves en la <strong>bajada El Espinillo<\/strong>, de <strong>Villa Gobernador G\u00e1lvez<\/strong>. En paralelo, <strong>Prefectura Naval<\/strong> <strong>Argentina<\/strong> busc\u00f3 a un hombre que, seg\u00fan testigos, se hab\u00eda arrojado al r\u00edo Paran\u00e1 antes de que se iniciara el fuego. El episodio comenz\u00f3 a investigarse luego de una comunicaci\u00f3n recibida minutos antes de las 9 en la <strong>Central de Emergencias del 911<\/strong>. El aviso daba cuenta de un veh\u00edculo incendi\u00e1ndose en inmediaciones de la costa.<\/p>\n\n\n\n<p class=\"wp-block-paragraph\"><strong>Bomberos Voluntarios<\/strong> trabajaron para controlar las llamas. Una vez sofocado el incendio, los investigadores encontraron en el interior del rodado <strong>dos cuerpos calcinados<\/strong>, <strong>un hombre y una mujer<\/strong>, cuyas identidades todav\u00eda no hab\u00edan sido confirmadas.<\/p>\n\n\n\n<p class=\"wp-block-paragraph\">Dos pescadores declararon haber visto a un hombre ingresar al r\u00edo y manifestar que no quer\u00eda recibir ayuda. De acuerdo con los testimonios incorporados a la investigaci\u00f3n, habr\u00eda logrado salir del agua por sus propios medios y luego ingresado a la parte trasera del Corsa.<\/p>\n\n\n\n<p class=\"wp-block-paragraph\">La escena qued\u00f3 bajo investigaci\u00f3n del <strong>Gabinete Criminal\u00edstico de la Polic\u00eda de Investigaciones<\/strong>. Tambi\u00e9n intervino Prefectura, que despleg\u00f3 un operativo sobre el Paran\u00e1.<\/p>\n\n\n\n<p class=\"wp-block-paragraph\">La fiscal <strong>Noelia Navone<\/strong>, de la unidad de Violencia Altamente Lesiva del Ministerio P\u00fablico de la Acusaci\u00f3n, qued\u00f3 a cargo del caso.<\/p>\n\n\n\n<p class=\"wp-block-paragraph\">La principal hip\u00f3tesis apunta a un <strong>femicidio seguido de suicidio<\/strong>, aunque esa l\u00ednea deber\u00e1 ser confirmada con las pruebas reunidas, aunque no revelaron las identidades, la Fiscal manifest\u00f3 que habr\u00eda denuncias por violencia de g\u00e9nero previas<\/p>\n\n\n\n<p class=\"wp-block-paragraph\">En la misma localidad, durante las \u00faltimas horas, se registr\u00f3 otro hecho violento en la zona de <strong>Murillo al 1200.<\/strong> All\u00ed, durante una pelea, un hombre de unos 42 a\u00f1os habr\u00eda utilizado una escopeta y efectuado dos disparos contra un joven.<\/p>\n\n\n\n<figure class=\"wp-block-image size-large\"><img loading=\"lazy\" decoding=\"async\" width=\"1024\" height=\"576\" src=\"https:\/\/www.rosarioalerta.com.ar\/site\/wp-content\/uploads\/2026\/09\/Patrullero-2-1024x576.jpg\" alt=\"\" class=\"wp-image-35287\" srcset=\"https:\/\/www.rosarioalerta.com.ar\/site\/wp-content\/uploads\/2026\/09\/Patrullero-2-1024x576.jpg 1024w, https:\/\/www.rosarioalerta.com.ar\/site\/wp-content\/uploads\/2026\/09\/Patrullero-2-300x169.jpg 300w, https:\/\/www.rosarioalerta.com.ar\/site\/wp-content\/uploads\/2026\/09\/Patrullero-2-768x432.jpg 768w, https:\/\/www.rosarioalerta.com.ar\/site\/wp-content\/uploads\/2026\/09\/Patrullero-2-1536x864.jpg 1536w, https:\/\/www.rosarioalerta.com.ar\/site\/wp-content\/uploads\/2026\/09\/Patrullero-2.jpg 1920w\" sizes=\"auto, (max-width: 1024px) 100vw, 1024px\" \/><\/figure>\n\n\n\n<p class=\"wp-block-paragraph\">La v\u00edctima, de 26 a\u00f1os seg\u00fan los primeros datos, sufri\u00f3 heridas de perdigones en el abdomen y fue trasladada al <strong>Hospital Provincial<\/strong>. Su estado era estable y se encontraba fuera de peligro.<\/p>\n\n\n\n<p class=\"wp-block-paragraph\">Por el episodio, la Polic\u00eda detuvo posteriormente a dos personas, de <strong>16 y 42<\/strong> <strong>a\u00f1os<\/strong>, cuya participaci\u00f3n en el ataque es materia de investigaci\u00f3n.<\/p>\n\n\n\n<p class=\"wp-block-paragraph\">La seguidilla de hechos violentos tambi\u00e9n alcanz\u00f3 a <strong>Granadero Baigorria<\/strong>. En la zona de <strong>Catriel e Ituzaing\u00f3<\/strong>, una joven de 21 a\u00f1os fue atacada a tiros por su ex pareja, quien habr\u00eda pasado en motocicleta y efectuado entre siete y diez disparos.<\/p>\n\n\n\n<p class=\"wp-block-paragraph\">La mujer recibi\u00f3 un impacto en el brazo izquierdo y fue asistida en el <strong>Hospital Eva Per\u00f3n<\/strong>. Su estado de salud era bueno y permanec\u00eda fuera de peligro.<\/p>\n\n\n\n<p class=\"wp-block-paragraph\">El sospechoso fue identificado y era buscado por las autoridades<\/p>\n<div class=\"newspaper-x-tags\"><strong>TAGS: <\/strong><span><a href=\"https:\/\/www.rosarioalerta.com.ar\/site\/archivos\/tag\/granadero-baigorria\" rel=\"tag\">Granadero Baigorria<\/a><\/span><a href=\"https:\/\/www.rosarioalerta.com.ar\/site\/archivos\/tag\/noticias-de-granadero-baigorria\" rel=\"tag\">Noticias de Granadero Baigorria<\/a><\/span><a href=\"https:\/\/www.rosarioalerta.com.ar\/site\/archivos\/tag\/noticias-de-rosario\" rel=\"tag\">Noticias de Rosario<\/a><\/span><a href=\"https:\/\/www.rosarioalerta.com.ar\/site\/archivos\/tag\/noticias-de-vgg\" rel=\"tag\">Noticias de VGG<\/a><\/span><a href=\"https:\/\/www.rosarioalerta.com.ar\/site\/archivos\/tag\/rosario\" rel=\"tag\">Rosario<\/a><\/span><a href=\"https:\/\/www.rosarioalerta.com.ar\/site\/archivos\/tag\/santa-fe\" rel=\"tag\">Santa Fe<\/a><\/span><a href=\"https:\/\/www.rosarioalerta.com.ar\/site\/archivos\/tag\/vgg\" rel=\"tag\">VGG<\/a> <\/div>","protected":false},"excerpt":{"rendered":"<p>Dos hechos de Femicidio y un abuso de armas se registraron en las \u00faltimas horas Dos personas fueron encontradas muertas dentro de un Chevrolet Corsa que apareci\u00f3 incendiado durante la ma\u00f1ana de este jueves en la bajada El Espinillo, de Villa Gobernador G\u00e1lvez. En paralelo, Prefectura Naval Argentina busc\u00f3 a un hombre que, seg\u00fan testigos, [&hellip;]<\/p>\n","protected":false},"author":2,"featured_media":35286,"comment_status":"open","ping_status":"open","sticky":false,"template":"","format":"standard","meta":{"_joinchat":[],"footnotes":""},"categories":[15,11,352,17,6,21,14],"tags":[83,195,95,94,55,65,60],"class_list":["post-35285","post","type-post","status-publish","format-standard","has-post-thumbnail","hentry","category-balaceras","category-detenidos","category-femicidio","category-heridos","category-homicidios","category-noticias","category-policiales","tag-granadero-baigorria","tag-noticias-de-granadero-baigorria","tag-noticias-de-rosario","tag-noticias-de-vgg","tag-rosario","tag-santa-fe","tag-vgg"],"_links":{"self":[{"href":"https:\/\/www.rosarioalerta.com.ar\/site\/wp-json\/wp\/v2\/posts\/35285","targetHints":{"allow":["GET"]}}],"collection":[{"href":"https:\/\/www.rosarioalerta.com.ar\/site\/wp-json\/wp\/v2\/posts"}],"about":[{"href":"https:\/\/www.rosarioalerta.com.ar\/site\/wp-json\/wp\/v2\/types\/post"}],"author":[{"embeddable":true,"href":"https:\/\/www.rosarioalerta.com.ar\/site\/wp-json\/wp\/v2\/users\/2"}],"replies":[{"embeddable":true,"href":"https:\/\/www.rosarioalerta.com.ar\/site\/wp-json\/wp\/v2\/comments?post=35285"}],"version-history":[{"count":1,"href":"https:\/\/www.rosarioalerta.com.ar\/site\/wp-json\/wp\/v2\/posts\/35285\/revisions"}],"predecessor-version":[{"id":35288,"href":"https:\/\/www.rosarioalerta.com.ar\/site\/wp-json\/wp\/v2\/posts\/35285\/revisions\/35288"}],"wp:featuredmedia":[{"embeddable":true,"href":"https:\/\/www.rosarioalerta.com.ar\/site\/wp-json\/wp\/v2\/media\/35286"}],"wp:attachment":[{"href":"https:\/\/www.rosarioalerta.com.ar\/site\/wp-json\/wp\/v2\/media?parent=35285"}],"wp:term":[{"taxonomy":"category","embeddable":true,"href":"https:\/\/www.rosarioalerta.com.ar\/site\/wp-json\/wp\/v2\/categories?post=35285"},{"taxonomy":"post_tag","embeddable":true,"href":"https:\/\/www.rosarioalerta.com.ar\/site\/wp-json\/wp\/v2\/tags?post=35285"}],"curies":[{"name":"wp","href":"https:\/\/api.w.org\/{rel}","templated":true}]}}