{"id":35280,"date":"2026-09-03T17:09:12","date_gmt":"2026-09-03T20:09:12","guid":{"rendered":"https:\/\/www.rosarioalerta.com.ar\/site\/?p=35280"},"modified":"2026-09-03T17:09:15","modified_gmt":"2026-09-03T20:09:15","slug":"hay-que-terminar-con-el-garantismo-bobo","status":"publish","type":"post","link":"https:\/\/www.rosarioalerta.com.ar\/site\/archivos\/35280","title":{"rendered":"\u201cHay que terminar con el garantismo bobo\u201d"},"content":{"rendered":"\n<p class=\"wp-block-paragraph\">Pullaro inaugur\u00f3 la Unidad Penitenciaria N\u00b0 9 y anunci\u00f3 891 nuevas plazas<\/p>\n\n\n\n<p class=\"wp-block-paragraph\">El gobernador de la provincia de Santa Fe, inaugur\u00f3 este jueves la <strong>Unidad Penitenciaria N\u00b0 9 de Recreo<\/strong>, en el <strong>departamento La Capital<\/strong>, una nueva c\u00e1rcel con <strong>capacidad para 891 internos<\/strong>, que busca descomprimir las comisar\u00edas de la regi\u00f3n y ampliar la infraestructura penitenciaria de Santa Fe. Durante el acto, el mandatario defendi\u00f3 su pol\u00edtica de seguridad y volvi\u00f3 a cuestionar al denominado \u201c<strong>garantismo bobo<\/strong>\u201d.<\/p>\n\n\n\n<p class=\"wp-block-paragraph\">La obra forma parte del plan provincial de infraestructura carcelaria y demand\u00f3 una inversi\u00f3n total de 80 millones de d\u00f3lares, de los cuales 25 millones fueron destinados al equipamiento tecnol\u00f3gico.<\/p>\n\n\n\n<p class=\"wp-block-paragraph\">El complejo est\u00e1 ubicado en el predio conocido como Col<strong>onia Penal de Recreo,<\/strong> sobre calle <strong>Alberdi, entre Sol\u00eds y la Ruta Nacional 11<\/strong>. Cuenta con tres subunidades penitenciarias, 475 celdas y capacidad para 640 hombres y 251 mujeres.<\/p>\n\n\n\n<p class=\"wp-block-paragraph\">Seg\u00fan explic\u00f3 el Gobierno provincial, la ampliaci\u00f3n permitir\u00e1 mejorar la distribuci\u00f3n de los detenidos seg\u00fan sus perfiles y reducir la cantidad de personas alojadas en dependencias policiales.<\/p>\n\n\n\n<p class=\"wp-block-paragraph\">El plan anunciado por <strong>Pullaro<\/strong> contempla sumar m\u00e1s de 7.000 plazas carcelarias durante su gesti\u00f3n, con el objetivo de llevar la capacidad provincial a m\u00e1s de 14.000 lugares.<\/p>\n\n\n\n<p class=\"wp-block-paragraph\">La nueva unidad incorpora sistemas de <strong>inteligencia artificial<\/strong>, <strong>reconocimiento facial e identificaci\u00f3n de voz<\/strong>.<\/p>\n\n\n\n<p class=\"wp-block-paragraph\">El <strong>sistema de llamadas permite identificar al interno<\/strong> y <strong>a los interlocutores autorizados<\/strong>. Si participa una persona que no est\u00e1 habilitada, la comunicaci\u00f3n puede interrumpirse autom\u00e1ticamente.<\/p>\n\n\n\n<p class=\"wp-block-paragraph\">Adem\u00e1s, las c\u00e1maras cuentan con herramientas para detectar personas buscadas y posibles situaciones de riesgo dentro del establecimiento.<\/p>\n\n\n\n<p class=\"wp-block-paragraph\"><strong>Pullaro<\/strong> defini\u00f3 al sistema como un \u201c<strong>Lince carcelario<\/strong>\u201d y sostuvo que convierte a la <strong>UP 9 en la c\u00e1rcel<\/strong> con <strong>mayor tecnolog\u00eda<\/strong> aplicada a la <strong>seguridad del pa\u00eds<\/strong>.<\/p>\n\n\n\n<p class=\"wp-block-paragraph\">Durante la inauguraci\u00f3n, el gobernador afirm\u00f3 que los santafesinos estaban \u201c<strong>hartos<\/strong>\u201d de que las organizaciones criminales pudieran operar desde las c\u00e1rceles y sostuvo que el Estado debe recuperar el control.<\/p>\n\n\n\n<p class=\"wp-block-paragraph\">En ese marco, plante\u00f3 la necesidad de <strong><em>\u201cterminar con ese garantismo bobo que le hizo da\u00f1o al pa\u00eds\u201d<\/em><\/strong> y asegur\u00f3 que su gesti\u00f3n continuar\u00e1 profundizando las pol\u00edticas de seguridad.<\/p>\n\n\n\n<p class=\"wp-block-paragraph\"><strong><em>\u201cCuando el Estado se organiza con determinaci\u00f3n y decisi\u00f3n y no pacta con los delincuentes, es m\u00e1s fuerte que cualquier organizaci\u00f3n criminal\u201d,<\/em><\/strong> sostuvo.<\/p>\n\n\n\n<p class=\"wp-block-paragraph\"><strong>Pullaro<\/strong> tambi\u00e9n afirm\u00f3 que el objetivo de su administraci\u00f3n es que Santa Fe sea <strong><em>\u201cla provincia m\u00e1s segura del pa\u00eds\u201d.<\/em><\/strong><\/p>\n\n\n\n<p class=\"wp-block-paragraph\">La inauguraci\u00f3n de la UP 9 se suma a otras obras ejecutadas y proyectadas por la Provincia dentro del plan penitenciario.<\/p>\n\n\n\n<p class=\"wp-block-paragraph\">El Gobierno sostiene que contar con mayor capacidad permitir\u00e1 que los polic\u00edas dejen de cumplir funciones de custodia en comisar\u00edas y puedan concentrarse en tareas de prevenci\u00f3n y patrullaje.<\/p>\n\n\n\n<p class=\"wp-block-paragraph\">Del acto participaron funcionarios provinciales, legisladores, autoridades municipales y representantes del Servicio Penitenciario.<\/p>\n<div class=\"newspaper-x-tags\"><strong>TAGS: <\/strong><span><a href=\"https:\/\/www.rosarioalerta.com.ar\/site\/archivos\/tag\/noticias-de-recreo\" rel=\"tag\">Noticias de Recreo<\/a><\/span><a href=\"https:\/\/www.rosarioalerta.com.ar\/site\/archivos\/tag\/noticias-de-rosario\" rel=\"tag\">Noticias de Rosario<\/a><\/span><a href=\"https:\/\/www.rosarioalerta.com.ar\/site\/archivos\/tag\/recreo\" rel=\"tag\">Recreo<\/a><\/span><a href=\"https:\/\/www.rosarioalerta.com.ar\/site\/archivos\/tag\/rosario\" rel=\"tag\">Rosario<\/a><\/span><a href=\"https:\/\/www.rosarioalerta.com.ar\/site\/archivos\/tag\/santa-fe\" rel=\"tag\">Santa Fe<\/a> <\/div>","protected":false},"excerpt":{"rendered":"<p>Pullaro inaugur\u00f3 la Unidad Penitenciaria N\u00b0 9 y anunci\u00f3 891 nuevas plazas El gobernador de la provincia de Santa Fe, inaugur\u00f3 este jueves la Unidad Penitenciaria N\u00b0 9 de Recreo, en el departamento La Capital, una nueva c\u00e1rcel con capacidad para 891 internos, que busca descomprimir las comisar\u00edas de la regi\u00f3n y ampliar la infraestructura [&hellip;]<\/p>\n","protected":false},"author":2,"featured_media":35281,"comment_status":"open","ping_status":"open","sticky":false,"template":"","format":"standard","meta":{"_joinchat":[],"footnotes":""},"categories":[18,21],"tags":[2265,95,2264,55,65],"class_list":["post-35280","post","type-post","status-publish","format-standard","has-post-thumbnail","hentry","category-institucional","category-noticias","tag-noticias-de-recreo","tag-noticias-de-rosario","tag-recreo","tag-rosario","tag-santa-fe"],"_links":{"self":[{"href":"https:\/\/www.rosarioalerta.com.ar\/site\/wp-json\/wp\/v2\/posts\/35280","targetHints":{"allow":["GET"]}}],"collection":[{"href":"https:\/\/www.rosarioalerta.com.ar\/site\/wp-json\/wp\/v2\/posts"}],"about":[{"href":"https:\/\/www.rosarioalerta.com.ar\/site\/wp-json\/wp\/v2\/types\/post"}],"author":[{"embeddable":true,"href":"https:\/\/www.rosarioalerta.com.ar\/site\/wp-json\/wp\/v2\/users\/2"}],"replies":[{"embeddable":true,"href":"https:\/\/www.rosarioalerta.com.ar\/site\/wp-json\/wp\/v2\/comments?post=35280"}],"version-history":[{"count":1,"href":"https:\/\/www.rosarioalerta.com.ar\/site\/wp-json\/wp\/v2\/posts\/35280\/revisions"}],"predecessor-version":[{"id":35282,"href":"https:\/\/www.rosarioalerta.com.ar\/site\/wp-json\/wp\/v2\/posts\/35280\/revisions\/35282"}],"wp:featuredmedia":[{"embeddable":true,"href":"https:\/\/www.rosarioalerta.com.ar\/site\/wp-json\/wp\/v2\/media\/35281"}],"wp:attachment":[{"href":"https:\/\/www.rosarioalerta.com.ar\/site\/wp-json\/wp\/v2\/media?parent=35280"}],"wp:term":[{"taxonomy":"category","embeddable":true,"href":"https:\/\/www.rosarioalerta.com.ar\/site\/wp-json\/wp\/v2\/categories?post=35280"},{"taxonomy":"post_tag","embeddable":true,"href":"https:\/\/www.rosarioalerta.com.ar\/site\/wp-json\/wp\/v2\/tags?post=35280"}],"curies":[{"name":"wp","href":"https:\/\/api.w.org\/{rel}","templated":true}]}}