{"id":35268,"date":"2026-09-03T11:22:23","date_gmt":"2026-09-03T14:22:23","guid":{"rendered":"https:\/\/www.rosarioalerta.com.ar\/site\/?p=35268"},"modified":"2026-09-03T11:24:18","modified_gmt":"2026-09-03T14:24:18","slug":"villa-gobernador-galvez-hallaron-dos-cuerpos-dentro-de-un-auto-incendiado-en-la-bajada-el-espinillo","status":"publish","type":"post","link":"https:\/\/www.rosarioalerta.com.ar\/site\/archivos\/35268","title":{"rendered":"Villa Gobernador G\u00e1lvez: Hallaron dos cuerpos dentro de un auto incendiado en la bajada El Espinillo"},"content":{"rendered":"\n<p class=\"wp-block-paragraph\">El veh\u00edculo fue encontrado durante la ma\u00f1ana de este jueves cerca de Cargill. Un testigo asegur\u00f3 haber visto a un hombre arrojarse al r\u00edo Paran\u00e1. Prefectura inici\u00f3 un operativo de b\u00fasqueda<\/p>\n\n\n\n<p class=\"wp-block-paragraph\">Un llamado recibido cerca de las 9 de este jueves en la <strong>Central de Emergencias del 911<\/strong> alert\u00f3 sobre un auto incendi\u00e1ndose en <strong>la bajada El Espinillo,<\/strong> en <strong>Villa Gobernador G\u00e1lvez<\/strong>. Al llegar, <strong>Bomberos Voluntarios<\/strong> sofocaron las llamas y encontraron dos cuerpos dentro de un Chevrolet Corsa. En paralelo, <strong>Prefectura Naval Argentina<\/strong> comenz\u00f3 a buscar a un hombre que, seg\u00fan un testigo, se habr\u00eda arrojado al <strong>r\u00edo Paran\u00e1<\/strong>.<\/p>\n\n\n\n<p class=\"wp-block-paragraph\">El aviso fue realizado por una persona que se encontraba en el lugar y observ\u00f3 el incendio del veh\u00edculo. Tras controlar el fuego, los efectivos advirtieron que en el interior hab\u00eda dos personas fallecidas, aparentemente un hombre y una mujer.<\/p>\n\n\n\n<p class=\"wp-block-paragraph\">Por el momento, ambos permanecen sin identificar (NN). Debido al estado en que fueron encontrados, ser\u00e1 necesario realizar las pericias correspondientes para establecer sus identidades y determinar las circunstancias de las muertes.<\/p>\n\n\n\n<p class=\"wp-block-paragraph\">En el lugar trabaj\u00f3 personal de la <strong>Polic\u00eda de Investigaciones<\/strong>, mientras <strong>Prefectura<\/strong> despleg\u00f3 tareas para localizar al hombre que habr\u00eda ingresado al Paran\u00e1.<\/p>\n\n\n\n<p class=\"wp-block-paragraph\">La causa qued\u00f3 a cargo de la fiscal <strong>Noelia Navone<\/strong>, de la Unidad de Violencia Altamente Lesiva del Ministerio P\u00fablico de la Acusaci\u00f3n.<\/p>\n\n\n\n<p class=\"wp-block-paragraph\">La investigaci\u00f3n se encuentra en una etapa inicial y la informaci\u00f3n disponible es preliminar. Las pericias deber\u00e1n determinar qu\u00e9 ocurri\u00f3 y si existe relaci\u00f3n entre el incendio, las dos personas halladas en el autom\u00f3vil y la b\u00fasqueda en el r\u00edo<\/p>\n<div class=\"newspaper-x-tags\"><strong>TAGS: <\/strong><span><a href=\"https:\/\/www.rosarioalerta.com.ar\/site\/archivos\/tag\/noticias-de-rosario\" rel=\"tag\">Noticias de Rosario<\/a><\/span><a href=\"https:\/\/www.rosarioalerta.com.ar\/site\/archivos\/tag\/noticias-de-vgg\" rel=\"tag\">Noticias de VGG<\/a><\/span><a href=\"https:\/\/www.rosarioalerta.com.ar\/site\/archivos\/tag\/rosario\" rel=\"tag\">Rosario<\/a><\/span><a href=\"https:\/\/www.rosarioalerta.com.ar\/site\/archivos\/tag\/santa-fe\" rel=\"tag\">Santa Fe<\/a><\/span><a href=\"https:\/\/www.rosarioalerta.com.ar\/site\/archivos\/tag\/vgg\" rel=\"tag\">VGG<\/a> <\/div>","protected":false},"excerpt":{"rendered":"<p>El veh\u00edculo fue encontrado durante la ma\u00f1ana de este jueves cerca de Cargill. Un testigo asegur\u00f3 haber visto a un hombre arrojarse al r\u00edo Paran\u00e1. Prefectura inici\u00f3 un operativo de b\u00fasqueda Un llamado recibido cerca de las 9 de este jueves en la Central de Emergencias del 911 alert\u00f3 sobre un auto incendi\u00e1ndose en la [&hellip;]<\/p>\n","protected":false},"author":2,"featured_media":35270,"comment_status":"open","ping_status":"open","sticky":false,"template":"","format":"standard","meta":{"_joinchat":[],"footnotes":""},"categories":[21,14],"tags":[95,94,55,65,60],"class_list":["post-35268","post","type-post","status-publish","format-standard","has-post-thumbnail","hentry","category-noticias","category-policiales","tag-noticias-de-rosario","tag-noticias-de-vgg","tag-rosario","tag-santa-fe","tag-vgg"],"_links":{"self":[{"href":"https:\/\/www.rosarioalerta.com.ar\/site\/wp-json\/wp\/v2\/posts\/35268","targetHints":{"allow":["GET"]}}],"collection":[{"href":"https:\/\/www.rosarioalerta.com.ar\/site\/wp-json\/wp\/v2\/posts"}],"about":[{"href":"https:\/\/www.rosarioalerta.com.ar\/site\/wp-json\/wp\/v2\/types\/post"}],"author":[{"embeddable":true,"href":"https:\/\/www.rosarioalerta.com.ar\/site\/wp-json\/wp\/v2\/users\/2"}],"replies":[{"embeddable":true,"href":"https:\/\/www.rosarioalerta.com.ar\/site\/wp-json\/wp\/v2\/comments?post=35268"}],"version-history":[{"count":1,"href":"https:\/\/www.rosarioalerta.com.ar\/site\/wp-json\/wp\/v2\/posts\/35268\/revisions"}],"predecessor-version":[{"id":35269,"href":"https:\/\/www.rosarioalerta.com.ar\/site\/wp-json\/wp\/v2\/posts\/35268\/revisions\/35269"}],"wp:featuredmedia":[{"embeddable":true,"href":"https:\/\/www.rosarioalerta.com.ar\/site\/wp-json\/wp\/v2\/media\/35270"}],"wp:attachment":[{"href":"https:\/\/www.rosarioalerta.com.ar\/site\/wp-json\/wp\/v2\/media?parent=35268"}],"wp:term":[{"taxonomy":"category","embeddable":true,"href":"https:\/\/www.rosarioalerta.com.ar\/site\/wp-json\/wp\/v2\/categories?post=35268"},{"taxonomy":"post_tag","embeddable":true,"href":"https:\/\/www.rosarioalerta.com.ar\/site\/wp-json\/wp\/v2\/tags?post=35268"}],"curies":[{"name":"wp","href":"https:\/\/api.w.org\/{rel}","templated":true}]}}