{"id":35265,"date":"2026-09-03T09:50:14","date_gmt":"2026-09-03T12:50:14","guid":{"rendered":"https:\/\/www.rosarioalerta.com.ar\/site\/?p=35265"},"modified":"2026-09-03T09:50:22","modified_gmt":"2026-09-03T12:50:22","slug":"dispararon-contra-una-panaderia-tras-un-conflicto-laboral","status":"publish","type":"post","link":"https:\/\/www.rosarioalerta.com.ar\/site\/archivos\/35265","title":{"rendered":"Dispararon contra una panader\u00eda tras un conflicto laboral"},"content":{"rendered":"\n<p class=\"wp-block-paragraph\">El ataque ocurri\u00f3 anoche en una panader\u00eda de barrio Las Flores<\/p>\n\n\n\n<p class=\"wp-block-paragraph\">Un comercio de la zona sur de <strong>Rosario<\/strong> fue atacado a tiros este mi\u00e9rcoles por la noche, en <strong>5 de Agosto al 1700<\/strong>. El episodio ocurri\u00f3 alrededor de las 22.30, cuando un adolescente de 16 a\u00f1os que trabajaba en una panader\u00eda relat\u00f3 que un hombre se acerc\u00f3 a la ventana, pregunt\u00f3 si vend\u00edan cigarrillos y, tras recibir una respuesta negativa, regres\u00f3 armado y efectu\u00f3 varios disparos.<\/p>\n\n\n\n<p class=\"wp-block-paragraph\">De acuerdo con el relato del joven, el atacante se alej\u00f3 inicialmente hacia una esquina. Poco despu\u00e9s volvi\u00f3 corriendo, extrajo un arma de fuego y dispar\u00f3 contra el comercio.<\/p>\n\n\n\n<p class=\"wp-block-paragraph\">El trabajador se retir\u00f3 hacia el interior, avis\u00f3 a la encargada y se comunic\u00f3 con la <strong>Central de Emergencias del 911.<\/strong> Cuando llegaron los efectivos, constataron que efectivamente se hab\u00edan producido detonaciones. Sin embargo, no encontraron vainas servidas en el lugar y no se registraron personas lesionadas.<\/p>\n\n\n\n<p class=\"wp-block-paragraph\">Cerca de las 23.30 lleg\u00f3 el propietario del comercio, un hombre de 55 a\u00f1os, quien aport\u00f3 otro elemento para la investigaci\u00f3n. Seg\u00fan manifest\u00f3, durante esa misma ma\u00f1ana su hermana, encargada del local, hab\u00eda tenido un conflicto con una ex empleada que reclamaba el pago de dos semanas de trabajo.<\/p>\n\n\n\n<p class=\"wp-block-paragraph\">El due\u00f1o agreg\u00f3 que, durante ese episodio, hab\u00edan roto dos vidrios del comercio con una piedra y que posteriormente realizaron una denuncia en la <strong>Comisar\u00eda 21\u00ba<\/strong><\/p>\n\n\n\n<p class=\"wp-block-paragraph\">Los investigadores deber\u00e1n establecer qui\u00e9n efectu\u00f3 los disparos, qu\u00e9 arma utiliz\u00f3 y si existe alguna vinculaci\u00f3n con el conflicto ocurrido horas antes en el mismo comercio<\/p>\n<div class=\"newspaper-x-tags\"><strong>TAGS: <\/strong><span><a href=\"https:\/\/www.rosarioalerta.com.ar\/site\/archivos\/tag\/noticias-de-rosario\" rel=\"tag\">Noticias de Rosario<\/a><\/span><a href=\"https:\/\/www.rosarioalerta.com.ar\/site\/archivos\/tag\/rosario\" rel=\"tag\">Rosario<\/a><\/span><a href=\"https:\/\/www.rosarioalerta.com.ar\/site\/archivos\/tag\/santa-fe\" rel=\"tag\">Santa Fe<\/a> <\/div>","protected":false},"excerpt":{"rendered":"<p>El ataque ocurri\u00f3 anoche en una panader\u00eda de barrio Las Flores Un comercio de la zona sur de Rosario fue atacado a tiros este mi\u00e9rcoles por la noche, en 5 de Agosto al 1700. El episodio ocurri\u00f3 alrededor de las 22.30, cuando un adolescente de 16 a\u00f1os que trabajaba en una panader\u00eda relat\u00f3 que un [&hellip;]<\/p>\n","protected":false},"author":2,"featured_media":35266,"comment_status":"open","ping_status":"open","sticky":false,"template":"","format":"standard","meta":{"_joinchat":[],"footnotes":""},"categories":[15,21,14],"tags":[95,55,65],"class_list":["post-35265","post","type-post","status-publish","format-standard","has-post-thumbnail","hentry","category-balaceras","category-noticias","category-policiales","tag-noticias-de-rosario","tag-rosario","tag-santa-fe"],"_links":{"self":[{"href":"https:\/\/www.rosarioalerta.com.ar\/site\/wp-json\/wp\/v2\/posts\/35265","targetHints":{"allow":["GET"]}}],"collection":[{"href":"https:\/\/www.rosarioalerta.com.ar\/site\/wp-json\/wp\/v2\/posts"}],"about":[{"href":"https:\/\/www.rosarioalerta.com.ar\/site\/wp-json\/wp\/v2\/types\/post"}],"author":[{"embeddable":true,"href":"https:\/\/www.rosarioalerta.com.ar\/site\/wp-json\/wp\/v2\/users\/2"}],"replies":[{"embeddable":true,"href":"https:\/\/www.rosarioalerta.com.ar\/site\/wp-json\/wp\/v2\/comments?post=35265"}],"version-history":[{"count":1,"href":"https:\/\/www.rosarioalerta.com.ar\/site\/wp-json\/wp\/v2\/posts\/35265\/revisions"}],"predecessor-version":[{"id":35267,"href":"https:\/\/www.rosarioalerta.com.ar\/site\/wp-json\/wp\/v2\/posts\/35265\/revisions\/35267"}],"wp:featuredmedia":[{"embeddable":true,"href":"https:\/\/www.rosarioalerta.com.ar\/site\/wp-json\/wp\/v2\/media\/35266"}],"wp:attachment":[{"href":"https:\/\/www.rosarioalerta.com.ar\/site\/wp-json\/wp\/v2\/media?parent=35265"}],"wp:term":[{"taxonomy":"category","embeddable":true,"href":"https:\/\/www.rosarioalerta.com.ar\/site\/wp-json\/wp\/v2\/categories?post=35265"},{"taxonomy":"post_tag","embeddable":true,"href":"https:\/\/www.rosarioalerta.com.ar\/site\/wp-json\/wp\/v2\/tags?post=35265"}],"curies":[{"name":"wp","href":"https:\/\/api.w.org\/{rel}","templated":true}]}}